{"id":488,"date":"2005-05-03T13:04:15","date_gmt":"2005-05-03T13:04:15","guid":{"rendered":"http:\/\/junjan.org\/wordpress\/?p=488"},"modified":"2005-05-03T13:04:15","modified_gmt":"2005-05-03T13:04:15","slug":"espaa_freak_i","status":"publish","type":"post","link":"https:\/\/junjan.org\/wordpress\/2005\/05\/espaa_freak_i\/","title":{"rendered":"Espa\u00f1a Freak I"},"content":{"rendered":"<blockquote><p>Ante el proyecto del Gobierno que equipara a las parejas del mismo sexo con el matrimonio, son cada vez m\u00e1s los ediles espa\u00f1oles que se declaran en objeci\u00f3n de conciencia para negarse a participar en &#8216;bodas gays&#8217;. Felicita y apoya a estos ediles frente a las amenazas lanzadas sobre ellos por el Gobierno y por diversas organizaciones gays y de izquierda.<br \/>\nAnte la campa\u00f1a antidemocr\u00e1tica del Gobierno y de quienes le apoyan, te animamos a felicitar y a apoyar a los ediles que ya han anunciado su intenci\u00f3n de negarse a participar en &#8216;bodas gays&#8217; ejerciendo para ello el derecho que les reconoce la Constituci\u00f3n. Te proponemos la siguiente carta modelo que ser\u00e1 enviada a los alcaldes de \u00c1vila, El Ejido (Almer\u00eda), A Guarda (Pontevedra), Covelo (Pontevedra), Crecente (Pontevedra), Jorquera (Albacete), Le\u00f3n, Mux\u00eda (La Coru\u00f1a) Oia (Pontevedra), Pamplona, Salamanca, Silleda (Pontevedra), Socuellamos (Ciudad Real), Valdemoro (Madrid), Valladolid, Villarta de San Juan (Ciudad Real), al Teniente de Alcalde David Hern\u00e1ndez (Villaverde del R\u00edo, Sevilla) y al concejal Alberto Fern\u00e1ndez (Barcelona).<\/p><\/blockquote>\n<p>M\u00e1s humor salvaje en [\u00abHazteOir.org\u00bb:http:\/\/www.hazteoir.org\/].<\/p>\n","protected":false},"excerpt":{"rendered":"<p>Ante el proyecto del Gobierno que equipara a las parejas del mismo sexo con el matrimonio, son cada vez m\u00e1s los ediles espa\u00f1oles que se declaran en objeci\u00f3n de conciencia para negarse a participar en &#8216;bodas gays&#8217;. Felicita y apoya a estos ediles frente a las amenazas lanzadas sobre ellos por el Gobierno y por&hellip;&nbsp;<a href=\"https:\/\/junjan.org\/wordpress\/2005\/05\/espaa_freak_i\/\" rel=\"bookmark\">Leer m\u00e1s &raquo;<span class=\"screen-reader-text\">Espa\u00f1a Freak I<\/span><\/a><\/p>\n","protected":false},"author":1,"featured_media":0,"comment_status":"open","ping_status":"open","sticky":false,"template":"","format":"standard","meta":{"neve_meta_sidebar":"","neve_meta_container":"","neve_meta_enable_content_width":"","neve_meta_content_width":0,"neve_meta_title_alignment":"","neve_meta_author_avatar":"","neve_post_elements_order":"","neve_meta_disable_header":"","neve_meta_disable_footer":"","neve_meta_disable_title":"","footnotes":""},"categories":[24],"tags":[],"class_list":["post-488","post","type-post","status-publish","format-standard","hentry","category-humor"],"_links":{"self":[{"href":"https:\/\/junjan.org\/wordpress\/wp-json\/wp\/v2\/posts\/488","targetHints":{"allow":["GET"]}}],"collection":[{"href":"https:\/\/junjan.org\/wordpress\/wp-json\/wp\/v2\/posts"}],"about":[{"href":"https:\/\/junjan.org\/wordpress\/wp-json\/wp\/v2\/types\/post"}],"author":[{"embeddable":true,"href":"https:\/\/junjan.org\/wordpress\/wp-json\/wp\/v2\/users\/1"}],"replies":[{"embeddable":true,"href":"https:\/\/junjan.org\/wordpress\/wp-json\/wp\/v2\/comments?post=488"}],"version-history":[{"count":0,"href":"https:\/\/junjan.org\/wordpress\/wp-json\/wp\/v2\/posts\/488\/revisions"}],"wp:attachment":[{"href":"https:\/\/junjan.org\/wordpress\/wp-json\/wp\/v2\/media?parent=488"}],"wp:term":[{"taxonomy":"category","embeddable":true,"href":"https:\/\/junjan.org\/wordpress\/wp-json\/wp\/v2\/categories?post=488"},{"taxonomy":"post_tag","embeddable":true,"href":"https:\/\/junjan.org\/wordpress\/wp-json\/wp\/v2\/tags?post=488"}],"curies":[{"name":"wp","href":"https:\/\/api.w.org\/{rel}","templated":true}]}}