{"id":494,"date":"2005-05-06T18:56:42","date_gmt":"2005-05-06T18:56:42","guid":{"rendered":"http:\/\/junjan.org\/wordpress\/?p=494"},"modified":"2005-05-06T18:56:42","modified_gmt":"2005-05-06T18:56:42","slug":"rectos","status":"publish","type":"post","link":"https:\/\/junjan.org\/wordpress\/2005\/05\/rectos\/","title":{"rendered":"Rectos"},"content":{"rendered":"<p>La conferencia episcopal sigue meti\u00e9ndose en camisa de once varas. En su \u00faltimo \u00abllamamiento\u00bb:http:\/\/www.conferenciaepiscopal.es\/actividades\/2005\/mayo_05.htm a la sociedad espa\u00f1ola nos recuerdan que las leyes civiles no valen si se separan de \u00abla recta raz\u00f3n\u00bb y de la \u00abnorma moral\u00bb.<br \/>\nPor si nadie se lo ha recordado, creo que no est\u00e1 de m\u00e1s que sepan que un gran n\u00famero de personas de este pa\u00eds nos pasamos sus normas morales del siglo I por el forro.<br \/>\nEn cuanto a su recta raz\u00f3n. Es parad\u00f3jico que una organizaci\u00f3n sectaria que tiene notorios antecedentes de comportamiento irracional y fan\u00e1tico se atreva a invocar a la raz\u00f3n. \u00bfLa misma recta raz\u00f3n que les llev\u00f3 a quemar a [\u00abGiordano Bruno\u00bb:http:\/\/es.wikipedia.org\/wiki\/Giordano_Bruno]?<br \/>\nRecuerdan a los cat\u00f3licos de \u00abrecta formaci\u00f3n moral\u00bb que se opongan a las leyes y objeten. Vuelvo a pedir que se rescate la [\u00abprestaci\u00f3n social sustitutoria\u00bb:http:\/\/www.junjan.org\/weblog\/archives\/2005\/05\/03\/prestacion_social_sustitutoria.html].<br \/>\nVeo una cierta obsesi\u00f3n con lo recto. Recta raz\u00f3n, recta moral. Rectas filas de \u00abpapones (penitentes)\u00bb:http:\/\/fr.wikipedia.org\/wiki\/Image:Procession-leon.jpg con rectos cirios y rectas cruces. Cilicios con rectas puntas de acero que acucien sus rectas pasiones sexuales. Todo recto, demasiado.<br \/>\nMe declaro \u00abcurvo\u00bb.<\/p>\n","protected":false},"excerpt":{"rendered":"<p>La conferencia episcopal sigue meti\u00e9ndose en camisa de once varas. En su \u00faltimo \u00abllamamiento\u00bb:http:\/\/www.conferenciaepiscopal.es\/actividades\/2005\/mayo_05.htm a la sociedad espa\u00f1ola nos recuerdan que las leyes civiles no valen si se separan de \u00abla recta raz\u00f3n\u00bb y de la \u00abnorma moral\u00bb. Por si nadie se lo ha recordado, creo que no est\u00e1 de m\u00e1s que sepan que un&hellip;&nbsp;<a href=\"https:\/\/junjan.org\/wordpress\/2005\/05\/rectos\/\" rel=\"bookmark\">Leer m\u00e1s &raquo;<span class=\"screen-reader-text\">Rectos<\/span><\/a><\/p>\n","protected":false},"author":1,"featured_media":0,"comment_status":"open","ping_status":"open","sticky":false,"template":"","format":"standard","meta":{"neve_meta_sidebar":"","neve_meta_container":"","neve_meta_enable_content_width":"","neve_meta_content_width":0,"neve_meta_title_alignment":"","neve_meta_author_avatar":"","neve_post_elements_order":"","neve_meta_disable_header":"","neve_meta_disable_footer":"","neve_meta_disable_title":"","footnotes":""},"categories":[5],"tags":[],"class_list":["post-494","post","type-post","status-publish","format-standard","hentry","category-actualidad"],"_links":{"self":[{"href":"https:\/\/junjan.org\/wordpress\/wp-json\/wp\/v2\/posts\/494","targetHints":{"allow":["GET"]}}],"collection":[{"href":"https:\/\/junjan.org\/wordpress\/wp-json\/wp\/v2\/posts"}],"about":[{"href":"https:\/\/junjan.org\/wordpress\/wp-json\/wp\/v2\/types\/post"}],"author":[{"embeddable":true,"href":"https:\/\/junjan.org\/wordpress\/wp-json\/wp\/v2\/users\/1"}],"replies":[{"embeddable":true,"href":"https:\/\/junjan.org\/wordpress\/wp-json\/wp\/v2\/comments?post=494"}],"version-history":[{"count":0,"href":"https:\/\/junjan.org\/wordpress\/wp-json\/wp\/v2\/posts\/494\/revisions"}],"wp:attachment":[{"href":"https:\/\/junjan.org\/wordpress\/wp-json\/wp\/v2\/media?parent=494"}],"wp:term":[{"taxonomy":"category","embeddable":true,"href":"https:\/\/junjan.org\/wordpress\/wp-json\/wp\/v2\/categories?post=494"},{"taxonomy":"post_tag","embeddable":true,"href":"https:\/\/junjan.org\/wordpress\/wp-json\/wp\/v2\/tags?post=494"}],"curies":[{"name":"wp","href":"https:\/\/api.w.org\/{rel}","templated":true}]}}