{"id":495,"date":"2005-05-09T22:03:37","date_gmt":"2005-05-09T22:03:37","guid":{"rendered":"http:\/\/junjan.org\/wordpress\/?p=495"},"modified":"2005-05-09T22:03:37","modified_gmt":"2005-05-09T22:03:37","slug":"monrquicos_y_babosos_iii","status":"publish","type":"post","link":"https:\/\/junjan.org\/wordpress\/2005\/05\/monrquicos_y_babosos_iii\/","title":{"rendered":"Mon\u00e1rquicos y babosos (III)"},"content":{"rendered":"<p>Por si  no ten\u00edamos bastante con la epidemia medi\u00e1tico-cat\u00f3lica tras la muerte de Juan Pablo II y la coronaci\u00f3n de Benito XVI, nos acaba de caer \u00abel gordo del ni\u00f1o\u00bb.<br \/>\nSi la boda del principito nos llev\u00f3 a l\u00edmites insospechados de \u00abbabosez informativa\u00bb:http:\/\/www.junjan.org\/weblog\/archives\/2004\/05\/18\/monarquicos_y_babosos.html ([\u00aby 2\u00bb:http:\/\/www.junjan.org\/weblog\/archives\/2004\/05\/23\/monarquicos_y_babosos_ii.html]), el posible nacimiento de un heredero promete batir todos los records.<br \/>\nGigantesco publireportaje rosa. Escusa ideal para fomentar los valores mon\u00e1rquicos y la integridad del suelo patrio.<br \/>\nDesde la linea dura mon\u00e1rquica del ABC:<\/p>\n<blockquote><p>\u00c9sta es, en efecto, la funci\u00f3n de la Monarqu\u00eda, m\u00e1s a\u00fan en los momentos m\u00e1s delicados del devenir nacional como bien pudieran ser los actuales, en los que unas abusivas tensiones segregacionistas y una enorme fragilidad en la defensa del Estado amenazan con concernir a la Corona. La noticia de la pr\u00f3xima paternidad de los Pr\u00edncipes de Asturias viene as\u00ed a fortalecer la Monarqu\u00eda porque le ofrece el horizonte natural que la sucesi\u00f3n siempre conlleva; porque elimina incertidumbres; porque obliga a mirar al futuro y no invita a hacerlo al pasado (y algunos lo pretend\u00edan con nostalgias republicanas). Porque tras el Rey y su hijo, ya sabemos que habr\u00e1 otro, nieto e hijo de los anteriores, que, como su abuelo y su padre, har\u00e1 de su funci\u00f3n un servicio trascendente a Espa\u00f1a, a su integraci\u00f3n y a su libertad. Un servicio que la Princesa de Asturias contrae la obligaci\u00f3n a\u00f1adida de inculcar en su hijo, porque la creencia en la Monarqu\u00eda constitucional y parlamentaria es la que obliga a afirmar, ahora, de inmediato, sin dudas ni cautelas, sin aplazamientos, que ser\u00e1, cuando toque, el Rey o la Reina de Espa\u00f1a.<\/p><\/blockquote>\n<p>Hasta los mon\u00e1rquicos de sal\u00f3n de El Pa\u00eds:<\/p>\n<blockquote><p>No sobran en nuestro pa\u00eds los s\u00edmbolos de identificaci\u00f3n compartidos. Carecemos, tal y como escribi\u00f3 un pesimista Ortega en 1917, de \u00abuna emoci\u00f3n nacional por la cual comuniquen los bandos enemigos\u00bb. La Corona se ha convertido en uno de ellos. El comportamiento sensato de la familia real, ajena a esc\u00e1ndalos como los que han afectado a otras monarqu\u00edas, ha reforzado el prestigio de la instituci\u00f3n, seg\u00fan reflejan desde hace a\u00f1os las encuestas de opini\u00f3n. La gente, por lo general, quiere sentirse part\u00edcipe de acontecimientos dichosos. Siempre lo es el nacimiento de un ni\u00f1o o una ni\u00f1a, y m\u00e1s cuando se le sabe destinado a ocupar un lugar con tanta carga representativa.<\/p><\/blockquote>\n<p>Se incluyen en el \u00abpaquete informativo\u00bb maliciosas cortinas de humo como el inutil debate sobre la sucesi\u00f3n masculina. Humeantes nubes que ocultan el \u00fanico problema real, a saber, el \u00abanacronismo\u00bb:http:\/\/www.junjan.org\/weblog\/archives\/2004\/01\/07\/la_monarquia_es_un_anacronismo.html absoluto de la monarqu\u00eda.<\/p>\n","protected":false},"excerpt":{"rendered":"<p>Por si no ten\u00edamos bastante con la epidemia medi\u00e1tico-cat\u00f3lica tras la muerte de Juan Pablo II y la coronaci\u00f3n de Benito XVI, nos acaba de caer \u00abel gordo del ni\u00f1o\u00bb. Si la boda del principito nos llev\u00f3 a l\u00edmites insospechados de \u00abbabosez informativa\u00bb:http:\/\/www.junjan.org\/weblog\/archives\/2004\/05\/18\/monarquicos_y_babosos.html ([\u00aby 2\u00bb:http:\/\/www.junjan.org\/weblog\/archives\/2004\/05\/23\/monarquicos_y_babosos_ii.html]), el posible nacimiento de un heredero promete batir todos los&hellip;&nbsp;<a href=\"https:\/\/junjan.org\/wordpress\/2005\/05\/monrquicos_y_babosos_iii\/\" rel=\"bookmark\">Leer m\u00e1s &raquo;<span class=\"screen-reader-text\">Mon\u00e1rquicos y babosos (III)<\/span><\/a><\/p>\n","protected":false},"author":1,"featured_media":0,"comment_status":"open","ping_status":"open","sticky":false,"template":"","format":"standard","meta":{"neve_meta_sidebar":"","neve_meta_container":"","neve_meta_enable_content_width":"","neve_meta_content_width":0,"neve_meta_title_alignment":"","neve_meta_author_avatar":"","neve_post_elements_order":"","neve_meta_disable_header":"","neve_meta_disable_footer":"","neve_meta_disable_title":"","footnotes":""},"categories":[5],"tags":[],"class_list":["post-495","post","type-post","status-publish","format-standard","hentry","category-actualidad"],"_links":{"self":[{"href":"https:\/\/junjan.org\/wordpress\/wp-json\/wp\/v2\/posts\/495","targetHints":{"allow":["GET"]}}],"collection":[{"href":"https:\/\/junjan.org\/wordpress\/wp-json\/wp\/v2\/posts"}],"about":[{"href":"https:\/\/junjan.org\/wordpress\/wp-json\/wp\/v2\/types\/post"}],"author":[{"embeddable":true,"href":"https:\/\/junjan.org\/wordpress\/wp-json\/wp\/v2\/users\/1"}],"replies":[{"embeddable":true,"href":"https:\/\/junjan.org\/wordpress\/wp-json\/wp\/v2\/comments?post=495"}],"version-history":[{"count":0,"href":"https:\/\/junjan.org\/wordpress\/wp-json\/wp\/v2\/posts\/495\/revisions"}],"wp:attachment":[{"href":"https:\/\/junjan.org\/wordpress\/wp-json\/wp\/v2\/media?parent=495"}],"wp:term":[{"taxonomy":"category","embeddable":true,"href":"https:\/\/junjan.org\/wordpress\/wp-json\/wp\/v2\/categories?post=495"},{"taxonomy":"post_tag","embeddable":true,"href":"https:\/\/junjan.org\/wordpress\/wp-json\/wp\/v2\/tags?post=495"}],"curies":[{"name":"wp","href":"https:\/\/api.w.org\/{rel}","templated":true}]}}