{"id":496,"date":"2005-05-11T00:10:35","date_gmt":"2005-05-11T00:10:35","guid":{"rendered":"http:\/\/junjan.org\/wordpress\/?p=496"},"modified":"2020-01-07T21:56:31","modified_gmt":"2020-01-07T20:56:31","slug":"golpista","status":"publish","type":"post","link":"https:\/\/junjan.org\/wordpress\/2005\/05\/golpista\/","title":{"rendered":"Golpista"},"content":{"rendered":"<p><a href=\"http:\/\/junjan.org\/wordpress\/wp-content\/uploads\/2011\/06\/cartel_falange.jpg\"><img loading=\"lazy\" decoding=\"async\" class=\"alignleft size-full wp-image-1591\" src=\"http:\/\/junjan.org\/wordpress\/wp-content\/uploads\/2011\/06\/cartel_falange.jpg\" alt=\"\" width=\"333\" height=\"479\" srcset=\"https:\/\/junjan.org\/wordpress\/wp-content\/uploads\/2011\/06\/cartel_falange.jpg 333w, https:\/\/junjan.org\/wordpress\/wp-content\/uploads\/2011\/06\/cartel_falange-208x300.jpg 208w, https:\/\/junjan.org\/wordpress\/wp-content\/uploads\/2011\/06\/cartel_falange-104x150.jpg 104w\" sizes=\"auto, (max-width: 333px) 100vw, 333px\" \/><\/a>Uno de los m\u00e1s insignes comentaristas de esta p\u00e1gina me dec\u00eda hace poco que dejara de citar art\u00edculos de Federico Jim\u00e9nez Losantos. En principio estuve de acuerdo con \u00e9l, pero tras leer una de sus \u00faltimas diatribas creo que es importante hacerse eco de sus palabrotas. Hay que tener en cuenta que sus seguidores le consideran, y cito, \u00abla figura m\u00e1s destacada en la defensa de las ideas liberales en nuestro pa\u00eds\u00bb.<br \/>\nDice lo siguiente:<\/p>\n<blockquote><p>Pero m\u00e1s grave a\u00fan es la deriva de nuestra pol\u00edtica interna, en la que el PSOE uno de los dos partidos con capacidad de llegar al poder mediante el voto, se ha instalado en una aut\u00e9ntica subversi\u00f3n permanente del orden democr\u00e1tico. Desde hace dos a\u00f1os largos, se ha aliado a los partidos y grupos antisistema para practicar una oposici\u00f3n t\u00edpicamente callejera y violenta, tratando de lograr por las malas lo que sus esca\u00f1os no le permit\u00edan por las buenas y llegando a la infamia de culpar de la masacre terrorista del 11M al PP para echarle del poder, mediante m\u00e9todos no por sofisticados menos golpistas, cuya condici\u00f3n liberticida se ha demostrado en la negativa a investigar la masacre y en la sumisi\u00f3n al terrorismo isl\u00e1mico, empezando por la huida de Iraq y la ruptura con USA.<br \/>\nDespu\u00e9s de un a\u00f1o en el poder, la deriva neogolpista del PSOE ha dado un paso m\u00e1s al romper el acuerdo antiterrorista con el PP, al pactar abiertamente con los separatistas catalanes y vascos mientras se anuncia de forma artera pero n\u00edtida el pacto con la ETA, cuya ilegalizaci\u00f3n como fuerza pol\u00edtica ha eludido desvergonzadamente Zapatero. El proyecto es el que se ve\u00eda venir desde que ZP rompi\u00f3 con la pol\u00edtica exterior de Aznar y se instal\u00f3 en un radicalismo izquierdista apoyado en separatistas y comunistas cuyo objetivo inmediato es destruir al PP y cuyo resultado inevitable es destruir la democracia, puesto que sin alternativa no hay democracia y el r\u00e9gimen de partido \u00fanico ya lo conocemos por sus frutos mexicanos. O andaluces. O extreme\u00f1os. O vascos. Pero este proyecto, cuya piedra angular es la omnipotencia medi\u00e1tica del polanquismo y sus sat\u00e9lites, pasa por la rendici\u00f3n ante la ETA y la destrucci\u00f3n del orden constitucional, basado desde siempre en la naci\u00f3n espa\u00f1ola como sujeto pol\u00edtico.<br \/>\nY eso es instalarse en un golpe de Estado permanente. Posmoderno, pero golpe. Contra la naci\u00f3n, pero contra el Estado, puesto que, privado de su ra\u00edz legitimadora, todo el orden legal se viene al suelo. Ante nuestros ojos, el Gobierno que deber\u00eda defenderla prepara ya la voladura de Espa\u00f1a. Y los todav\u00eda espa\u00f1oles, inclu\u00edda la a\u00fan oposici\u00f3n, preparan&#8230; las vacaciones.<\/p><\/blockquote>\n<p>Pido perd\u00f3n de antemano a las personas sensibles que no osar\u00edan ir a Libertad digital a leer tama\u00f1o c\u00famulo de disparates.<br \/>\nEn esta editorial, Losantos acusa al partido socialista de golpismo. Si, golpismo. Al parecer, el PP es el \u00fanico partido democr\u00e1tico espa\u00f1ol, el resto son grupos tir\u00e1nicos comunistas, separatistas y peor a\u00fan, antiamericanos.<br \/>\nNo creo que merezca mayores comentarios, su conservadurismo reaccionario es de libro. Similar en el fondo y en la forma a idearios de otros tiempos.<br \/>\n\u00bfQui\u00e9n es el golpista?<\/p>\n","protected":false},"excerpt":{"rendered":"<p>Uno de los m\u00e1s insignes comentaristas de esta p\u00e1gina me dec\u00eda hace poco que dejara de citar art\u00edculos de Federico Jim\u00e9nez Losantos. En principio estuve de acuerdo con \u00e9l, pero tras leer una de sus \u00faltimas diatribas creo que es importante hacerse eco de sus palabrotas. Hay que tener en cuenta que sus seguidores le&hellip;&nbsp;<a href=\"https:\/\/junjan.org\/wordpress\/2005\/05\/golpista\/\" rel=\"bookmark\">Leer m\u00e1s &raquo;<span class=\"screen-reader-text\">Golpista<\/span><\/a><\/p>\n","protected":false},"author":1,"featured_media":0,"comment_status":"open","ping_status":"open","sticky":false,"template":"","format":"standard","meta":{"neve_meta_sidebar":"","neve_meta_container":"","neve_meta_enable_content_width":"","neve_meta_content_width":0,"neve_meta_title_alignment":"","neve_meta_author_avatar":"","neve_post_elements_order":"","neve_meta_disable_header":"","neve_meta_disable_footer":"","neve_meta_disable_title":"","footnotes":""},"categories":[5],"tags":[],"class_list":["post-496","post","type-post","status-publish","format-standard","hentry","category-actualidad"],"_links":{"self":[{"href":"https:\/\/junjan.org\/wordpress\/wp-json\/wp\/v2\/posts\/496","targetHints":{"allow":["GET"]}}],"collection":[{"href":"https:\/\/junjan.org\/wordpress\/wp-json\/wp\/v2\/posts"}],"about":[{"href":"https:\/\/junjan.org\/wordpress\/wp-json\/wp\/v2\/types\/post"}],"author":[{"embeddable":true,"href":"https:\/\/junjan.org\/wordpress\/wp-json\/wp\/v2\/users\/1"}],"replies":[{"embeddable":true,"href":"https:\/\/junjan.org\/wordpress\/wp-json\/wp\/v2\/comments?post=496"}],"version-history":[{"count":1,"href":"https:\/\/junjan.org\/wordpress\/wp-json\/wp\/v2\/posts\/496\/revisions"}],"predecessor-version":[{"id":2550,"href":"https:\/\/junjan.org\/wordpress\/wp-json\/wp\/v2\/posts\/496\/revisions\/2550"}],"wp:attachment":[{"href":"https:\/\/junjan.org\/wordpress\/wp-json\/wp\/v2\/media?parent=496"}],"wp:term":[{"taxonomy":"category","embeddable":true,"href":"https:\/\/junjan.org\/wordpress\/wp-json\/wp\/v2\/categories?post=496"},{"taxonomy":"post_tag","embeddable":true,"href":"https:\/\/junjan.org\/wordpress\/wp-json\/wp\/v2\/tags?post=496"}],"curies":[{"name":"wp","href":"https:\/\/api.w.org\/{rel}","templated":true}]}}