{"id":497,"date":"2005-05-12T13:34:33","date_gmt":"2005-05-12T13:34:33","guid":{"rendered":"http:\/\/junjan.org\/wordpress\/?p=497"},"modified":"2005-05-12T13:34:33","modified_gmt":"2005-05-12T13:34:33","slug":"estado_de_la_nacin_en_frases","status":"publish","type":"post","link":"https:\/\/junjan.org\/wordpress\/2005\/05\/estado_de_la_nacin_en_frases\/","title":{"rendered":"Estado de la naci\u00f3n en frases"},"content":{"rendered":"<p><strong>Jos\u00e9 Luis Rodr\u00edguez Zapatero<\/strong><\/p>\n<blockquote><p>Nuestros cimientos son s\u00f3lidos y nuestro horizonte esperanzador. Podemos ser un pa\u00eds econ\u00f3micamente competitivo y al tiempo socialmente cohesionado. Podemos ser un pa\u00eds pol\u00edticamente unido y respetuoso con la diversidad. Un pa\u00eds de ciudadanos tolerantes y seguros. Podemos ser un pa\u00eds solidario con el resto del mundo y aut\u00f3nomo en la defensa de nuestros intereses.<br \/>\nPodemos ser todo eso. Pero lo m\u00e1s importante, lo que m\u00e1s debe estimularnos, es constatar que los hombres y las mujeres de nuestro pa\u00eds quieren caminar hacia ese horizonte y esperan, sencillamente, que su Gobierno, que el Gobierno que han elegido, les ayude en su empe\u00f1o. Que est\u00e9 de su parte.\n<\/p><\/blockquote>\n<blockquote><p>Hoy reitero ante la C\u00e1mara que el fin de la violencia no tiene precio pol\u00edtico, pero la pol\u00edtica puede contribuir al fin de la violencia.<br \/>\nTrabajar\u00e9 sin descanso con todo mi Gobierno por alcanzar el fin de la violencia y tengo la plena convicci\u00f3n de que los espa\u00f1oles apoyar\u00e1n nuestro esfuerzo. Si se diera el caso, me comprometo formalmente a acudir ante esta C\u00e1mara, para explicar los pasos a dar y para solicitar el respaldo de todos los grupos pol\u00edticos al logro de la gran aspiraci\u00f3n de poner fin al terrorismo en Espa\u00f1a.\n<\/p><\/blockquote>\n<p><strong>Mariano Rajoy<\/strong><\/p>\n<blockquote><p>Usted no escucha a nadie, ni al Senado, ni al Consejo de Estado, ni al Consejo General del Poder Judicial, ni a la Iglesia, ni a las v\u00edctimas del terrorismo, ni a la oposici\u00f3n, ni al Foro de Ermua, ni a sus propios compa\u00f1eros, ni al sentido com\u00fan. Usted presume de dialogar, pero en realidad adora las alcaldadas, algo muy propio (\u00bfsaben de qui\u00e9n?) de quienes carecen de argumentos y se saben d\u00e9biles.<\/p><\/blockquote>\n<blockquote><p>Es usted quien se ha propuesto cambiar de direcci\u00f3n, traicionar a los muertos y permitir que Eta recupere las posiciones que ocupa antes de su arrinconamiento. S\u00ed, se\u00f1or presidente, y de hecho ya ha pagado un anticipo; ha dejado una se\u00f1al para que los terroristas conf\u00eden en usted; ha permitido que los representantes de Eta ocupen sus esca\u00f1os en el Parlamento vasco. S\u00ed, s\u00ed, s\u00ed.<\/p><\/blockquote>\n<p><strong>Joan Puigcerc\u00f3s<\/strong><\/p>\n<blockquote><p>Pues esa es la realidad, en Catalu\u00f1a no todos somos ricos, no todos tenemos casa en Baqueira-Beret, ni apartamento, ni chal\u00e9, ni pleta en la Cerdanya, en el Pirineo, ni tenemos un d\u00faplex en la zona alta. \u00a1C\u00f3mo no vamos los partidos catalanes a defender las condiciones de vida de nuestra gente trabajadora, de nuestras clases populares! Lo vamos hacer porque en Catalu\u00f1a tambi\u00e9n hay situaciones que requieren inversi\u00f3n.<\/p><\/blockquote>\n<p><strong>Gaspar Llamazares<\/strong><\/p>\n<blockquote><p>Se\u00f1or\u00edas, se\u00f1or presidente, un viejo refr\u00e1n dice que cada uno habla de la fiesta seg\u00fan le va en ella. Por tanto, podr\u00eda considerar normal que al Partido Popular, que se ha visto fuera del poder, el \u00faltimo a\u00f1o le parezca el annus horribilis e, incluso, se podr\u00eda entender tambi\u00e9n que al Partido Socialista, que ha llegado al Gobierno, el a\u00f1o le parezca un paseo triunfal. En nuestra opini\u00f3n, no se trata de eso, no se trata de c\u00f3mo le ha ido al Partido Socialista o al Partido Popular; se trata de c\u00f3mo le ha ido a los ciudadanos.<\/p><\/blockquote>\n<blockquote><p>Para nosotros, ha habido luces en este periodo, por eso hemos estado comprometidos y seguimos comprometidos con la estabilidad frente a la desestabilizaci\u00f3n de la derecha, pero nosotros creemos que lo fundamental est\u00e1 por hacer y, por tanto, del tiempo de la confianza del primer a\u00f1o pasamos al tiempo de la exigencia; del tiempo de la gracia, en t\u00e9rminos del Gobierno de la Rep\u00fablica, queremos pasar al tiempo de la justicia. Gracia y justicia, todo es necesario en un Gobierno de izquierdas<\/p><\/blockquote>\n<p><strong>Joan Herrera<\/strong><\/p>\n<blockquote><p>Pero a medida que avanza la legislatura no es suficiente; en definitiva, no es suficiente con las declaraciones de intenciones y con la vuelta a la normalidad democr\u00e1tica o con avances importantes, que los ha habido, sino que es importante que se d\u00e9 profundizaci\u00f3n democr\u00e1tica, giro social, compromiso ambiental y, sobre todo, apuesta por el modelo federal.<\/p><\/blockquote>\n","protected":false},"excerpt":{"rendered":"<p>Jos\u00e9 Luis Rodr\u00edguez Zapatero Nuestros cimientos son s\u00f3lidos y nuestro horizonte esperanzador. Podemos ser un pa\u00eds econ\u00f3micamente competitivo y al tiempo socialmente cohesionado. Podemos ser un pa\u00eds pol\u00edticamente unido y respetuoso con la diversidad. Un pa\u00eds de ciudadanos tolerantes y seguros. Podemos ser un pa\u00eds solidario con el resto del mundo y aut\u00f3nomo en la&hellip;&nbsp;<a href=\"https:\/\/junjan.org\/wordpress\/2005\/05\/estado_de_la_nacin_en_frases\/\" rel=\"bookmark\">Leer m\u00e1s &raquo;<span class=\"screen-reader-text\">Estado de la naci\u00f3n en frases<\/span><\/a><\/p>\n","protected":false},"author":1,"featured_media":0,"comment_status":"open","ping_status":"open","sticky":false,"template":"","format":"standard","meta":{"neve_meta_sidebar":"","neve_meta_container":"","neve_meta_enable_content_width":"","neve_meta_content_width":0,"neve_meta_title_alignment":"","neve_meta_author_avatar":"","neve_post_elements_order":"","neve_meta_disable_header":"","neve_meta_disable_footer":"","neve_meta_disable_title":"","footnotes":""},"categories":[32],"tags":[],"class_list":["post-497","post","type-post","status-publish","format-standard","hentry","category-frases"],"_links":{"self":[{"href":"https:\/\/junjan.org\/wordpress\/wp-json\/wp\/v2\/posts\/497","targetHints":{"allow":["GET"]}}],"collection":[{"href":"https:\/\/junjan.org\/wordpress\/wp-json\/wp\/v2\/posts"}],"about":[{"href":"https:\/\/junjan.org\/wordpress\/wp-json\/wp\/v2\/types\/post"}],"author":[{"embeddable":true,"href":"https:\/\/junjan.org\/wordpress\/wp-json\/wp\/v2\/users\/1"}],"replies":[{"embeddable":true,"href":"https:\/\/junjan.org\/wordpress\/wp-json\/wp\/v2\/comments?post=497"}],"version-history":[{"count":0,"href":"https:\/\/junjan.org\/wordpress\/wp-json\/wp\/v2\/posts\/497\/revisions"}],"wp:attachment":[{"href":"https:\/\/junjan.org\/wordpress\/wp-json\/wp\/v2\/media?parent=497"}],"wp:term":[{"taxonomy":"category","embeddable":true,"href":"https:\/\/junjan.org\/wordpress\/wp-json\/wp\/v2\/categories?post=497"},{"taxonomy":"post_tag","embeddable":true,"href":"https:\/\/junjan.org\/wordpress\/wp-json\/wp\/v2\/tags?post=497"}],"curies":[{"name":"wp","href":"https:\/\/api.w.org\/{rel}","templated":true}]}}