{"id":498,"date":"2005-05-13T18:42:22","date_gmt":"2005-05-13T18:42:22","guid":{"rendered":"http:\/\/junjan.org\/wordpress\/?p=498"},"modified":"2005-05-13T18:42:22","modified_gmt":"2005-05-13T18:42:22","slug":"desde_la_caverna","status":"publish","type":"post","link":"https:\/\/junjan.org\/wordpress\/2005\/05\/desde_la_caverna\/","title":{"rendered":"Desde la caverna"},"content":{"rendered":"<p>Ricardo de la Cierva, entrevistado por el semanario \u00abAlba\u00bb:http:\/\/www.semanarioalba.com\/alba\/ALBA\/published2\/DEFAULT\/noticias.jsp?PRODID=5296&#038;SINCAT=-1 &#8211;(Semanario cat\u00f3lico-familiar-sin-complejos. No os perd\u00e1is su secci\u00f3n de merchandising.)&#8211;<\/p>\n<blockquote><p>\u00ab\u00c9ste es un Gobierno mas\u00f3nico como el Grupo Prisa es un grupo mas\u00f3nico. Y conste que tengo una buena amistad con el se\u00f1or Polanco, as\u00ed que no es nada personal. Pero tengo que decir la verdad. La pol\u00edtica ferozmente anticristiana y anticat\u00f3lica de Zapatero en temas como las relaciones con la Iglesia, el &#8216;matrimonio&#8217; homosexual, la reforma educativa, etc\u00e9tera, est\u00e1 dirigida a erradicar la influencia de la Iglesia en la sociedad. Eso es la masoner\u00eda. Ahora Zapatero est\u00e1 un poco m\u00e1s moderado, porque ha visto la reacci\u00f3n mundial tras la muerte de Juan Pablo II y la elecci\u00f3n del cardenal Ratzinger como nuevo Papa. Y por si esto fuera poco, ha visto c\u00f3mo la prensa mas\u00f3nica espa\u00f1ola se ha rendido a la evidencia de que Juan Pablo II pose\u00eda aquellas cualidades que ellos m\u00e1s veneran: dominio de las masas, profundidad espiritual y proyecci\u00f3n universal. Y eso que en la \u00e9poca en la que Juan Pablo II acab\u00f3 junto con Ratzinger con la Teolog\u00eda de la Liberaci\u00f3n El Pa\u00eds, en un editorial obra de uno de sus colaboradores, llam\u00f3 al Papa \u00abman\u00edaco besacementos\u00bb.<\/p><\/blockquote>\n<blockquote><p>\n&#8211;<em>\u00bfPuede dar nombres de destacados masones espa\u00f1oles?<\/em><br \/>\n-Don Jos\u00e9 Luis Rodr\u00edguez Zapatero.<br \/>\n&#8211;<em>\u00bfEs mas\u00f3n? \u00bfLo tiene usted documentado?<\/em><br \/>\n-Lo tengo documentado.<br \/>\n&#8211;<em>Es decir, que en un momento dado \u00e9l no le dejar\u00eda a Vd. por mentiroso.<\/em><br \/>\n-No lo creo.<br \/>\n&#8211;<em>\u00bfEst\u00e1 convencido?<\/em><br \/>\n-Estoy convencido.<br \/>\n&#8211;<em>\u00bfC\u00f3mo ha sabido que es mas\u00f3n?<\/em><br \/>\n-No revelo mis fuentes nunca y menos ahora. Me he enterado hace poco por un testimonio del cual me f\u00edo.<br \/>\n&#8211;<em>\u00bfY ministros? \u00bfLos hay masones?<\/em><br \/>\n-Tengo sospechas fundadas, pero no puedo de momento decir sus nombres.<\/p><\/blockquote>\n","protected":false},"excerpt":{"rendered":"<p>Ricardo de la Cierva, entrevistado por el semanario \u00abAlba\u00bb:http:\/\/www.semanarioalba.com\/alba\/ALBA\/published2\/DEFAULT\/noticias.jsp?PRODID=5296&#038;SINCAT=-1 &#8211;(Semanario cat\u00f3lico-familiar-sin-complejos. No os perd\u00e1is su secci\u00f3n de merchandising.)&#8211; \u00ab\u00c9ste es un Gobierno mas\u00f3nico como el Grupo Prisa es un grupo mas\u00f3nico. Y conste que tengo una buena amistad con el se\u00f1or Polanco, as\u00ed que no es nada personal. Pero tengo que decir la verdad. La&hellip;&nbsp;<a href=\"https:\/\/junjan.org\/wordpress\/2005\/05\/desde_la_caverna\/\" rel=\"bookmark\">Leer m\u00e1s &raquo;<span class=\"screen-reader-text\">Desde la caverna<\/span><\/a><\/p>\n","protected":false},"author":1,"featured_media":0,"comment_status":"open","ping_status":"open","sticky":false,"template":"","format":"standard","meta":{"neve_meta_sidebar":"","neve_meta_container":"","neve_meta_enable_content_width":"","neve_meta_content_width":0,"neve_meta_title_alignment":"","neve_meta_author_avatar":"","neve_post_elements_order":"","neve_meta_disable_header":"","neve_meta_disable_footer":"","neve_meta_disable_title":"","footnotes":""},"categories":[32],"tags":[],"class_list":["post-498","post","type-post","status-publish","format-standard","hentry","category-frases"],"_links":{"self":[{"href":"https:\/\/junjan.org\/wordpress\/wp-json\/wp\/v2\/posts\/498","targetHints":{"allow":["GET"]}}],"collection":[{"href":"https:\/\/junjan.org\/wordpress\/wp-json\/wp\/v2\/posts"}],"about":[{"href":"https:\/\/junjan.org\/wordpress\/wp-json\/wp\/v2\/types\/post"}],"author":[{"embeddable":true,"href":"https:\/\/junjan.org\/wordpress\/wp-json\/wp\/v2\/users\/1"}],"replies":[{"embeddable":true,"href":"https:\/\/junjan.org\/wordpress\/wp-json\/wp\/v2\/comments?post=498"}],"version-history":[{"count":0,"href":"https:\/\/junjan.org\/wordpress\/wp-json\/wp\/v2\/posts\/498\/revisions"}],"wp:attachment":[{"href":"https:\/\/junjan.org\/wordpress\/wp-json\/wp\/v2\/media?parent=498"}],"wp:term":[{"taxonomy":"category","embeddable":true,"href":"https:\/\/junjan.org\/wordpress\/wp-json\/wp\/v2\/categories?post=498"},{"taxonomy":"post_tag","embeddable":true,"href":"https:\/\/junjan.org\/wordpress\/wp-json\/wp\/v2\/tags?post=498"}],"curies":[{"name":"wp","href":"https:\/\/api.w.org\/{rel}","templated":true}]}}