{"id":499,"date":"2005-05-15T19:02:51","date_gmt":"2005-05-15T19:02:51","guid":{"rendered":"http:\/\/junjan.org\/wordpress\/?p=499"},"modified":"2005-05-15T19:02:51","modified_gmt":"2005-05-15T19:02:51","slug":"panem_et_futbolenses","status":"publish","type":"post","link":"https:\/\/junjan.org\/wordpress\/2005\/05\/panem_et_futbolenses\/","title":{"rendered":"Panem et futbolenses"},"content":{"rendered":"<p>Nunca hab\u00eda vivido en directo la fiebre futbolera. Anoche lo pude ver, impresionante espect\u00e1culo. Este tipo de comportamiento gregario siempre me ha asombrado y me produce una extra\u00f1a mezcla de miedo, enfado y preocupaci\u00f3n. Miedo porque percibo una actitud de \u00abtodo vale\u00bb que me da mala espina; miedo porque s\u00e9 que me rodea una aureola palpable que dice <em>\u00abme la pela\u00bb<\/em> y <em>\u00abvaya colecci\u00f3n de borregos que sois todos\u00bb<\/em>, s\u00e9 que es como si lo tuviera grabado a fuego en la frente. Enfado porque todo se permite, todo se potencia y todo se perdona, porque es f\u00fatbol, y al parecer el f\u00fatbol es asunto de estado. Preocupaci\u00f3n porque me imagino a las mismas personas siguiendo  cualquier causa donde equipo es sustitu\u00eddo por \u00abpartido\u00bb, \u00abetnia\u00bb o \u00abpa\u00eds\u00bb y donde los argumentos son de la misma simpleza, e.g. \u00absomos los mejores\u00bb, \u00abvamos a ganar\u00bb.<br \/>\nYa s\u00e9 que es probable que todo sean pajas mentales m\u00edas y que sea mi patol\u00f3gica condici\u00f3n lo que me impide comprender qu\u00e9 se siente cuando te gusta el f\u00fatbol y la alegr\u00eda cuasi-extasiante que invade al ser humano cuando su equipo gana.<br \/>\nPero no dejo de preguntarme:<br \/>\n\u00bfPor qu\u00e9 no hay la misma consideraci\u00f3n institucional cuando la gente se manifiesta por otros motivos?<br \/>\n\u00bfTendr\u00e1 algo que ver con el incre\u00edble despliegue informativo? \u00bfCon la publicidad gratuita para marcas y ciudades? \u00bfCon los millones de euros de \u00abmerchandising?<br \/>\n\u00bfSer\u00e1 casualidad que los grupos de ultras futboleros se acaben asociando a organizaciones nacionalista-xen\u00f3fobas?<\/p>\n","protected":false},"excerpt":{"rendered":"<p>Nunca hab\u00eda vivido en directo la fiebre futbolera. Anoche lo pude ver, impresionante espect\u00e1culo. Este tipo de comportamiento gregario siempre me ha asombrado y me produce una extra\u00f1a mezcla de miedo, enfado y preocupaci\u00f3n. Miedo porque percibo una actitud de \u00abtodo vale\u00bb que me da mala espina; miedo porque s\u00e9 que me rodea una aureola&hellip;&nbsp;<a href=\"https:\/\/junjan.org\/wordpress\/2005\/05\/panem_et_futbolenses\/\" rel=\"bookmark\">Leer m\u00e1s &raquo;<span class=\"screen-reader-text\">Panem et futbolenses<\/span><\/a><\/p>\n","protected":false},"author":1,"featured_media":0,"comment_status":"open","ping_status":"open","sticky":false,"template":"","format":"standard","meta":{"neve_meta_sidebar":"","neve_meta_container":"","neve_meta_enable_content_width":"","neve_meta_content_width":0,"neve_meta_title_alignment":"","neve_meta_author_avatar":"","neve_post_elements_order":"","neve_meta_disable_header":"","neve_meta_disable_footer":"","neve_meta_disable_title":"","footnotes":""},"categories":[9],"tags":[],"class_list":["post-499","post","type-post","status-publish","format-standard","hentry","category-opinion"],"_links":{"self":[{"href":"https:\/\/junjan.org\/wordpress\/wp-json\/wp\/v2\/posts\/499","targetHints":{"allow":["GET"]}}],"collection":[{"href":"https:\/\/junjan.org\/wordpress\/wp-json\/wp\/v2\/posts"}],"about":[{"href":"https:\/\/junjan.org\/wordpress\/wp-json\/wp\/v2\/types\/post"}],"author":[{"embeddable":true,"href":"https:\/\/junjan.org\/wordpress\/wp-json\/wp\/v2\/users\/1"}],"replies":[{"embeddable":true,"href":"https:\/\/junjan.org\/wordpress\/wp-json\/wp\/v2\/comments?post=499"}],"version-history":[{"count":0,"href":"https:\/\/junjan.org\/wordpress\/wp-json\/wp\/v2\/posts\/499\/revisions"}],"wp:attachment":[{"href":"https:\/\/junjan.org\/wordpress\/wp-json\/wp\/v2\/media?parent=499"}],"wp:term":[{"taxonomy":"category","embeddable":true,"href":"https:\/\/junjan.org\/wordpress\/wp-json\/wp\/v2\/categories?post=499"},{"taxonomy":"post_tag","embeddable":true,"href":"https:\/\/junjan.org\/wordpress\/wp-json\/wp\/v2\/tags?post=499"}],"curies":[{"name":"wp","href":"https:\/\/api.w.org\/{rel}","templated":true}]}}