{"id":503,"date":"2005-05-21T19:27:10","date_gmt":"2005-05-21T19:27:10","guid":{"rendered":"http:\/\/junjan.org\/wordpress\/?p=503"},"modified":"2013-02-14T01:17:43","modified_gmt":"2013-02-14T00:17:43","slug":"libertad_de_enseanza_al_carajo","status":"publish","type":"post","link":"https:\/\/junjan.org\/wordpress\/2005\/05\/libertad_de_enseanza_al_carajo\/","title":{"rendered":"Libertad de ense\u00f1anza al carajo"},"content":{"rendered":"<p>Tras desafiar a la SGAE, la Universidad Polit\u00e9cnica de Valencia presiona a <a href=\"http:\/\/jorge.cortell.net\/\" target=\"_blank\">Jorge Cortell<\/a>. \u00bfD\u00f3nde est\u00e1 la libertad de ense\u00f1anza?<br \/>\nSus palabras al respecto:<\/p>\n<blockquote><p>[Aviso: lo primero dejar claro que los responsables de los dos Programas de Master donde impart\u00eda clases me han tratado siempre de maravilla y son personas estupendas a las que aprecio de verdad. Espero que no se molesten por publicar esta conversaci\u00f3n, pero el resultado de la misma no se entender\u00eda de otra manera.]<br \/>\nTen\u00eda que pasar. La \u00fanica duda era el c\u00f3mo.<br \/>\nPoco despu\u00e9s de mi conferencia \u00abmaldita\u00bb, recib\u00ed una llamada telef\u00f3nica de una persona del Master dici\u00e9ndome que ten\u00edamos que hablar porque se hab\u00eda recibido una llamada del rectorado \u00abrecomendando\u00bb que no siguiese dando clases en esta universidad. Me pidieron que no me preocupara, pero que, mientras tanto, eliminase cualquier referencia a la universidad en mi web (buena forma de hacer que no me preocupe).<br \/>\nAs\u00ed que al d\u00eda siguiente, aprovechando que ten\u00eda que impartir clase de Comercio Electr\u00f3nico en el Master Multimedia, fui a hablar con ellos.<br \/>\nEntended que son mis amigos, as\u00ed que ni dar\u00e9 nombres ni detalles. Pero yo doy fe, y el que dude algo de lo que digo que me lo comunique y le dar\u00e9 las pruebas o explicaciones que necesite.<br \/>\nMe sorprendi\u00f3 la odisea de intentos de silenciamiento de la conferencia anunciada (hasta que vieron que no se pod\u00eda, o incluso no se deb\u00eda para evitar males mayores, hacer nada). Pero \u00bfrecomendar que se me desvincule como sea de la universidad despu\u00e9s de haber impartido la conferencia, aunque a buen seguro sin haberla escuchado? \u00bfA caso dije algo que no fuera correcto, o hice algo que no debiera? \u00bfHubo all\u00ed alguien de rectorado para juzgarlo? \u00bfPor qu\u00e9 no se me ha explicado \u00abcual es el problema\u00bb todav\u00eda? \u00bfPor qu\u00e9 no quieren hablar conmigo? \u00bfQuiz\u00e1 por temor a contagiarse de esp\u00edritu de libertad de expresi\u00f3n, o de cuestionamiento del orden establecido?<br \/>\nVolviendo a la conversaci\u00f3n de esta tarde. Primero hemos hablado de la conferencia que impart\u00ed ayer, y me han transmitido su opini\u00f3n (que al ser personal me la reservar\u00e9 para no causarles problemas). No obstante nadie me ha podido indicar un s\u00f3lo problema con su contenido. Hemos estado de acuerdo en que ya ha pasado, y no hay ning\u00fan problema con ella.<br \/>\nPero, acto seguido me han relatado dos llamadas de rectorado en las que les hab\u00edan \u00abrecomendado\u00bb (\u00abcon un tono \u2019borde\u2019 la primera, m\u00e1s directa la segunda\u00bb) que yo no siguiese impartiendo clases en dichos Masters. La idea ya se me hab\u00eda pasado por la cabeza (despu\u00e9s de vivir el \u00abacoso y derribo\u00bb el d\u00eda de la conferencia por parte de la propia universidad que me paga para que ense\u00f1e a los mismos alumnos que vinieron a la conferencia, estaba considerando el dimitir), pero no ha hecho falta que me lo piense mucho. Si no soy bien aceptado por los responsables de la Universidad, o mi presencia incomoda, entonces no es lugar para m\u00ed. Yo s\u00f3lo quiero estar donde sea bienvenido (sea mi empresa, mi universidad, mi casa, o mi pa\u00eds). Si no se me quiere, yo me voy, que siempre habr\u00e1 un lugar, u otras personas, con las que encaje.<br \/>\nEn esa segunda llamada del rectorado (todo medias tintas, no s\u00e9 si es el mismo rector, u otra persona\/s) parece ser que termin\u00f3 diciendo a la persona responsable de los Masters \u00abla decisi\u00f3n es tuya, t\u00fa sabr\u00e1s lo que haces\u00bb.<br \/>\nNo he necesitado oir m\u00e1s para entenderlo. Y quiero que todo el mundo lo entienda tambi\u00e9n: si me quedo, esa persona pasa a ser responsable de tener un \u00abindeseable\u00bb en la instituci\u00f3n. Y ya se sabe lo que es contrariar a un superior (muy superior) en un organismo p\u00fablico.<br \/>\nEsa(s) persona(s) son mis amigos. Gente a la que quiero bien, y que me apoyan. Por eso mismo no puedo \u00abarrastrarlos conmigo\u00bb y permitir que, por pretender quedarme con mi trabajo y en mi posici\u00f3n, ellos sufran las consecuencias. As\u00ed que entre sus \u00abhombre, tampoco es para tom\u00e1rselo as\u00ed\u00bb y \u00abcreo que deber\u00edamos dejar pasar un tiempo y ver qu\u00e9 pasa\u00bb dichos con la boca peque\u00f1a, he entendido que deb\u00eda de irme para no causarles los problemas que les podr\u00eda causar el que me quedase.<br \/>\nPero, si no quiero involucrarlos, \u00bfpor qu\u00e9 cuento todo esto? Pues porque quiero que quede claro que yo estaba muy a gusto dando clases en el Master, que conozco a mucha gente maravillosa en la UPV, y que me encanta lo que hac\u00eda. Que no me voy (y bien lo saben los que me conocen) porque quiera. Pero no osar\u00e1n decir \u00abdespedido\u00bb o \u00abes una orden, no vuelvas\u00bb, porque me lo tendr\u00eda que decir directamente el rectorado, y ha quedado bien patente que no se atreven a hablarme directamente y a la cara, porque saben que no he hecho nada malo ni dicho nada que no sea verdad.<br \/>\nA su vez, me niego a mantenerme en silencio (como una amiga de la universidad me ha recomendado), hasta que todo pasase. Porque entonces un d\u00eda alg\u00fan tr\u00e1mite burocr\u00e1tico, o un papel mal tramitado, o una reducci\u00f3n de presupuesto, o vaya-usted-a-saber-qu\u00e9-excusa-ponen-esta-vez me dejase sin poder darles clases a mis alumnos. Los entresijos del poder que llaman. Todos tienen demasiado que perder (o eso creen), todos deben demasiados favores, y al final \u00abtodo queda en casa\u00bb. Pero con esa actitud de oscurantismo s\u00f3lo se fomenta la esclerosis en un sistema caduco e involucionista que enquista a una oligarqu\u00eda (sea burocr\u00e1tica, econ\u00f3mica o del tipo que sea) en el poder, perpetuando un mecanismo maquiav\u00e9lico de represi\u00f3n y miedo que queda siempre a la sombra. Y mientras, la opini\u00f3n p\u00fablica venerando a sus sacrosantas instituciones y sus iluminados l\u00edderes.<br \/>\nPues conmigo no funciona as\u00ed. S\u00f3lo espero que esto no le cause ning\u00fan problema a nadie m\u00e1s (de hecho, por eso \u00abdimito\u00bb).<br \/>\nY a mis alumnos: sabed que siempre pod\u00e9is contar conmigo, est\u00e9 \u00abdentro\u00bb o est\u00e9 \u00abfuera\u00bb. No os dejar\u00e9 colgados.<br \/>\nNo quiero protestas, peticiones de dimisiones, o nada por el estilo. No es que tenga miedo de qu\u00e9 m\u00e1s me puedan hacer (estoy seguro que al grupo de presi\u00f3n que est\u00e1 extorsionando a altos cargos de la universidad no le bastar\u00e1 con conseguir que me vaya de la universidad, querr\u00e1n desprestigiarme, causarme problemas, e intimidarme). Sino que he entendido que eso no solucionar\u00e1 nada. Pero s\u00ed espero que esto sirva para una cosa: para quitaos la venda de los ojos y sep\u00e1is en manos de qui\u00e9n est\u00e1 la cultura, la educaci\u00f3n, el dinero y el poder. Para que sep\u00e1is qu\u00e9 es lo que les importa y c\u00f3mo act\u00faan. Y, recordadlo, para que actu\u00e9is en consecuencia.<br \/>\nNi lo han entendido ni lo entender\u00e1n. A m\u00ed no me callar\u00e1n ni muerto, porque est\u00e1 la red, que sois vosotros. Ahora no pod\u00e9is decir que nadie os lo hab\u00eda contado.<br \/>\n<strong>Jorge Cortell <\/strong><\/p><\/blockquote>\n<p>Ver:<br \/>\n\u00ac <a href=\"http:\/\/homepage.mac.com\/jorgecortell\/blogwavestudio\/LH20041209105106\/LHA20050520091532\/index.html\" target=\"_blank\">Lecturer censored in Spanish University (UPV) for defending P2P networks<\/a>\u00a0(Jorge Cortell)<br \/>\n\u00ac <a href=\"http:\/\/p2pnet.net\/story\/4912\" target=\"_blank\">Spanish lecturer in p2p war<\/a>\u00a0(P2Pnet)<br \/>\n\u00ac <a href=\"http:\/\/www.boingboing.net\/2005\/05\/20\/spanish_copyright_so.html\" target=\"_blank\">Spanish copyright society hounds Uni teacher out of job<\/a>\u00a0(Boing Boing)<br \/>\n\u00ac <a href=\"http:\/\/www.hispamp3.com\/noticias\/noticia.php?noticia=20050504174640\" target=\"_blank\">La Asociaci\u00f3n de Internautas se solidariza con Cortell y va a exigir responsabilidade<\/a>s\u00a0(HispaMp3)<\/p>\n","protected":false},"excerpt":{"rendered":"<p>Tras desafiar a la SGAE, la Universidad Polit\u00e9cnica de Valencia presiona a Jorge Cortell. \u00bfD\u00f3nde est\u00e1 la libertad de ense\u00f1anza? Sus palabras al respecto: [Aviso: lo primero dejar claro que los responsables de los dos Programas de Master donde impart\u00eda clases me han tratado siempre de maravilla y son personas estupendas a las que aprecio&hellip;&nbsp;<a href=\"https:\/\/junjan.org\/wordpress\/2005\/05\/libertad_de_enseanza_al_carajo\/\" rel=\"bookmark\">Leer m\u00e1s &raquo;<span class=\"screen-reader-text\">Libertad de ense\u00f1anza al carajo<\/span><\/a><\/p>\n","protected":false},"author":1,"featured_media":0,"comment_status":"open","ping_status":"open","sticky":false,"template":"","format":"standard","meta":{"neve_meta_sidebar":"","neve_meta_container":"","neve_meta_enable_content_width":"","neve_meta_content_width":0,"neve_meta_title_alignment":"","neve_meta_author_avatar":"","neve_post_elements_order":"","neve_meta_disable_header":"","neve_meta_disable_footer":"","neve_meta_disable_title":"","footnotes":""},"categories":[5],"tags":[925,708,926,709],"class_list":["post-503","post","type-post","status-publish","format-standard","hentry","category-actualidad","tag-jorge-cortell","tag-censura","tag-p2p","tag-sgae"],"_links":{"self":[{"href":"https:\/\/junjan.org\/wordpress\/wp-json\/wp\/v2\/posts\/503","targetHints":{"allow":["GET"]}}],"collection":[{"href":"https:\/\/junjan.org\/wordpress\/wp-json\/wp\/v2\/posts"}],"about":[{"href":"https:\/\/junjan.org\/wordpress\/wp-json\/wp\/v2\/types\/post"}],"author":[{"embeddable":true,"href":"https:\/\/junjan.org\/wordpress\/wp-json\/wp\/v2\/users\/1"}],"replies":[{"embeddable":true,"href":"https:\/\/junjan.org\/wordpress\/wp-json\/wp\/v2\/comments?post=503"}],"version-history":[{"count":2,"href":"https:\/\/junjan.org\/wordpress\/wp-json\/wp\/v2\/posts\/503\/revisions"}],"predecessor-version":[{"id":2290,"href":"https:\/\/junjan.org\/wordpress\/wp-json\/wp\/v2\/posts\/503\/revisions\/2290"}],"wp:attachment":[{"href":"https:\/\/junjan.org\/wordpress\/wp-json\/wp\/v2\/media?parent=503"}],"wp:term":[{"taxonomy":"category","embeddable":true,"href":"https:\/\/junjan.org\/wordpress\/wp-json\/wp\/v2\/categories?post=503"},{"taxonomy":"post_tag","embeddable":true,"href":"https:\/\/junjan.org\/wordpress\/wp-json\/wp\/v2\/tags?post=503"}],"curies":[{"name":"wp","href":"https:\/\/api.w.org\/{rel}","templated":true}]}}