{"id":511,"date":"2005-06-02T23:09:02","date_gmt":"2005-06-02T23:09:02","guid":{"rendered":"http:\/\/junjan.org\/wordpress\/?p=511"},"modified":"2005-06-02T23:09:02","modified_gmt":"2005-06-02T23:09:02","slug":"no_no","status":"publish","type":"post","link":"https:\/\/junjan.org\/wordpress\/2005\/06\/no_no\/","title":{"rendered":"No no"},"content":{"rendered":"<p>Las negativas de Francia y Holanda han hundido el proyecto de Constituci\u00f3n europea \u00abvertical\u00bb. Tanto franceses como holandeses se han revelado contra sus gobiernos y se han negado a aprobar un documento que consideran alejado del pueblo y sus aut\u00e9nticas necesidades. Una mayor\u00eda de los votos proceden de una izquierda divorciada de los partidos que teoricamente la representan, votantes que abominan de la burocracia comunitaria, a la que denominan \u00abmandarines\u00bb o \u00abregentes\u00bb.<br \/>\nReacciones variopintas en la prensa.<br \/>\nMuy buen an\u00e1lisis en [\u00abLa Insignia\u00bb:http:\/\/www.lainsignia.org\/2005\/junio\/int_005.htm]:<\/p>\n<blockquote><p>No fue posible imponer a los franceses, dado su elevado nivel pol\u00edtico e informativo, el \u00abtr\u00e1gala\u00bb que ha funcionado tan bien en otras consultas y pa\u00edses. Tampoco el rumbo que sigue la UE termina de convencerles, pues antes que fortalecer la uni\u00f3n ha profundizado sus contradicciones y mostrado la hondura de sus disimilitudes.<br \/>\nHay un tercer elemento a tomar en cuenta. La movilizaci\u00f3n de las fuerzas opositoras integradas por partidos de izquierda, organizaciones sociales, movimientos ecologistas y un batiburrillo de siglas, am\u00e9n de legiones de espont\u00e1neos (sin olvidar, claro est\u00e1, a la extrema derecha, que se opon\u00eda por motivos muy suyos) ha demostrado ser m\u00e1s efectiva, ante el ciudadano de a pie, que el portentoso aparato medi\u00e1tico al servicio de las \u00e9lites dominantes. Durante dos meses, inaccesibles a la fatiga, llenaron Francia de mesas, actos, papeletas, m\u00edtines y conciertos, desafiando a los grandes medios de comunicaci\u00f3n con el trabajo cuerpo a cuerpo, compensando con calor humano el aparato propagand\u00edstico del poder. Y le vencieron. <\/p><\/blockquote>\n<p>El Pais se hunde en el abismo y considera que los ciudadanos no son competentes para decidir. [\u00abDecepcionantes\u00bb:http:\/\/www.elpais.es\/articuloCompleto.html?d_date=20050602&#038;xref=20050602elpepiopi_1&#038;type=Tes&#038;anchor=elpporopi]:<\/p>\n<blockquote><p>De haberse votado en el Parlamento holand\u00e9s, la Constituci\u00f3n europea hubiera contado con un apoyo masivo, igual que hubiera ocurrido en la Asamblea francesa. El resultado de ambos referendos plasma un preocupante divorcio entre los ciudadanos y sus representantes. Las consultas populares son un sistema discutible de decisi\u00f3n porque obligan a pronunciarse de forma tajante sobre cuestiones muy complejas. <\/p><\/blockquote>\n<p>ABC parece no haberse enterado que el voto negativo proviene un gran parte de ciudadanos que quieren una constituci\u00f3n m\u00e1s social y menos econ\u00f3mica. [\u00abComo siempre\u00bb:http:\/\/abc.es\/abc\/pg050602\/prensa\/noticias\/Opinion\/Editoriales\/200506\/02\/NAC-OPI-016.asp]:<\/p>\n<blockquote><p>Precisamente estas dos circunstancias sacan a la luz una grave fractura pol\u00edtica en el soporte institucional del proyecto europeo: la irrupci\u00f3n de un rechazo populista hacia los mimbres intelectuales de una Europa abierta, diversa, plural, representativa y tolerante.\n<\/p><\/blockquote>\n<p>Y luego est\u00e1n los que sufren alucinaciones, combinado con <em>delirium tremens<\/em> y ataques de idiocia galopante. [\u00abLibertad Digital\u00bb:http:\/\/www.libertaddigital.com\/opiniones\/opi_desa_25344.html]:<\/p>\n<blockquote><p>Aunque la burocracia bruselense, la partitocracia generalizada y la idiocia paleta que reina en Espa\u00f1a no quieran darse por enterados, el proceso de ratificaci\u00f3n del Tratado para la Constituci\u00f3n Europea yace en las urnas. Uropa, esa Uropa de los que no saben d\u00f3nde tienen los Pirineos, ha muerto. Es la hora de afirmar una Europa real, modesta, razonable, atl\u00e1ntica y liberal. Una Europa amiga y no enemiga de Am\u00e9rica, de las dos Am\u00e9ricas, que parta del libre comercio, de la seguridad y de la libertad ya existentes en los distintos pa\u00edses para crear nuevos espacios comunes de negocio y convivencia.<\/p><\/blockquote>\n","protected":false},"excerpt":{"rendered":"<p>Las negativas de Francia y Holanda han hundido el proyecto de Constituci\u00f3n europea \u00abvertical\u00bb. Tanto franceses como holandeses se han revelado contra sus gobiernos y se han negado a aprobar un documento que consideran alejado del pueblo y sus aut\u00e9nticas necesidades. Una mayor\u00eda de los votos proceden de una izquierda divorciada de los partidos que&hellip;&nbsp;<a href=\"https:\/\/junjan.org\/wordpress\/2005\/06\/no_no\/\" rel=\"bookmark\">Leer m\u00e1s &raquo;<span class=\"screen-reader-text\">No no<\/span><\/a><\/p>\n","protected":false},"author":1,"featured_media":0,"comment_status":"open","ping_status":"open","sticky":false,"template":"","format":"standard","meta":{"neve_meta_sidebar":"","neve_meta_container":"","neve_meta_enable_content_width":"","neve_meta_content_width":0,"neve_meta_title_alignment":"","neve_meta_author_avatar":"","neve_post_elements_order":"","neve_meta_disable_header":"","neve_meta_disable_footer":"","neve_meta_disable_title":"","footnotes":""},"categories":[5],"tags":[],"class_list":["post-511","post","type-post","status-publish","format-standard","hentry","category-actualidad"],"_links":{"self":[{"href":"https:\/\/junjan.org\/wordpress\/wp-json\/wp\/v2\/posts\/511","targetHints":{"allow":["GET"]}}],"collection":[{"href":"https:\/\/junjan.org\/wordpress\/wp-json\/wp\/v2\/posts"}],"about":[{"href":"https:\/\/junjan.org\/wordpress\/wp-json\/wp\/v2\/types\/post"}],"author":[{"embeddable":true,"href":"https:\/\/junjan.org\/wordpress\/wp-json\/wp\/v2\/users\/1"}],"replies":[{"embeddable":true,"href":"https:\/\/junjan.org\/wordpress\/wp-json\/wp\/v2\/comments?post=511"}],"version-history":[{"count":0,"href":"https:\/\/junjan.org\/wordpress\/wp-json\/wp\/v2\/posts\/511\/revisions"}],"wp:attachment":[{"href":"https:\/\/junjan.org\/wordpress\/wp-json\/wp\/v2\/media?parent=511"}],"wp:term":[{"taxonomy":"category","embeddable":true,"href":"https:\/\/junjan.org\/wordpress\/wp-json\/wp\/v2\/categories?post=511"},{"taxonomy":"post_tag","embeddable":true,"href":"https:\/\/junjan.org\/wordpress\/wp-json\/wp\/v2\/tags?post=511"}],"curies":[{"name":"wp","href":"https:\/\/api.w.org\/{rel}","templated":true}]}}