{"id":512,"date":"2005-06-04T11:53:25","date_gmt":"2005-06-04T11:53:25","guid":{"rendered":"http:\/\/junjan.org\/wordpress\/?p=512"},"modified":"2020-11-27T00:37:14","modified_gmt":"2020-11-26T23:37:14","slug":"dime_con_quin_andas","status":"publish","type":"post","link":"https:\/\/junjan.org\/wordpress\/2005\/06\/dime_con_quin_andas\/","title":{"rendered":"Dime con qui\u00e9n andas&#8230;"},"content":{"rendered":"\n<p>La manifestaci\u00f3n de la Asociaci\u00f3n de v\u00edctimas del terrorismo (AVT) es ya una manifestaci\u00f3n pro PP y contra el gobierno. No hay ninguna duda. Todos los l\u00edderes del PP van a ir a la manifestaci\u00f3n, el PP ha fletado autobuses en distintas provincias para trasladar a sus militantes a Madrid, Peces-Barba no va a ir, ni el gobierno ni el PSOE van a enviar a nadie, desde TeleMadrid se hacen llamamientos para ir y las otras cadenas lo reducen a un hecho menor.<br>Estos acompa\u00f1amientos, convierten la comprensible protesta de la v\u00edctimas en una manifestaci\u00f3n \u00abde derechas\u00bb, instrumentalizada por m\u00faltiples sectores.<br>S\u00f3lo hay que ver lo que se dice de ella en la prensa. <a rel=\"noreferrer noopener\" href=\"http:\/\/www.libertaddigital.com\/opiniones\/opi_desa_25383.html\" target=\"_blank\">Ignacio Villa<\/a> ya la est\u00e1 usando como plataforma de sus jefes (la iglesia):<\/p>\n\n\n\n<blockquote class=\"wp-block-ugb-blockquote ugb-blockquote ugb-4df1127 ugb-blockquote--v3 ugb-blockquote--design-plain ugb-main-block\"><style>.ugb-4df1127 .ugb-blockquote__quote{width:70px !important;height:70px !important}<\/style><div class=\"ugb-inner-block\"><div class=\"ugb-block-content\"><div class=\"ugb-blockquote__item\"><svg viewbox=\"0 0 50 50\" xmlns=\"http:\/\/www.w3.org\/2000\/svg\" class=\"ugb-blockquote__quote\" width=\"70\" height=\"70\"><path d=\"M19.8 9.3C10.5 11.8 4.6 17 2.1 24.8c2.3-3.6 5.6-5.4 9.9-5.4 3.3 0 6 1.1 8.3 3.3 2.2 2.2 3.4 5 3.4 8.3 0 3.2-1.1 5.8-3.3 8-2.2 2.2-5.1 3.2-8.7 3.2-3.7 0-6.5-1.2-8.6-3.5C1 36.3 0 33.1 0 29 0 18.3 6.5 11.2 19.6 7.9l.2 1.4zm26.4 0C36.9 11.9 31 17 28.5 24.8c2.2-3.6 5.5-5.4 9.8-5.4 3.2 0 6 1.1 8.3 3.2 2.3 2.2 3.4 4.9 3.4 8.3 0 3.1-1.1 5.8-3.3 7.9-2.2 2.2-5.1 3.3-8.6 3.3-3.7 0-6.6-1.1-8.6-3.4-2.1-2.3-3.1-5.5-3.1-9.7 0-10.7 6.6-17.8 19.7-21.1l.1 1.4z\"><\/path><\/svg><div class=\"ugb-blockquote__content\"><p class=\"ugb-blockquote__text\">Ha dicho De la Vega que respeta la convocatoria. \u00bfC\u00f3mo podemos entender ese respeto? \u00bfEs el mismo que este Gobierno ha utilizado con la asignatura de religi\u00f3n, con la familia, con las heridas de la guerra civil o con el archivo de Salamanca? Este Gobierno no entiende de respeto; s\u00f3lo entiende de dividir y de sectarismo. Y esa receta la aplican a todo y a todos. Y en este caso adem\u00e1s esta actitud nos deja claro que el Gobierno est\u00e1 en contra de las v\u00edctimas.<\/p><\/div><\/div><\/div><\/div><\/blockquote>\n\n\n\n<blockquote class=\"wp-block-ugb-blockquote ugb-blockquote ugb-86f0bb7 ugb-blockquote--v3 ugb-blockquote--design-plain ugb-main-block\"><style>.ugb-86f0bb7 .ugb-blockquote__quote{width:70px !important;height:70px !important}<\/style><div class=\"ugb-inner-block\"><div class=\"ugb-block-content\"><div class=\"ugb-blockquote__item\"><svg viewbox=\"0 0 50 50\" xmlns=\"http:\/\/www.w3.org\/2000\/svg\" class=\"ugb-blockquote__quote\" width=\"70\" height=\"70\"><path d=\"M19.8 9.3C10.5 11.8 4.6 17 2.1 24.8c2.3-3.6 5.6-5.4 9.9-5.4 3.3 0 6 1.1 8.3 3.3 2.2 2.2 3.4 5 3.4 8.3 0 3.2-1.1 5.8-3.3 8-2.2 2.2-5.1 3.2-8.7 3.2-3.7 0-6.5-1.2-8.6-3.5C1 36.3 0 33.1 0 29 0 18.3 6.5 11.2 19.6 7.9l.2 1.4zm26.4 0C36.9 11.9 31 17 28.5 24.8c2.2-3.6 5.5-5.4 9.8-5.4 3.2 0 6 1.1 8.3 3.2 2.3 2.2 3.4 4.9 3.4 8.3 0 3.1-1.1 5.8-3.3 7.9-2.2 2.2-5.1 3.3-8.6 3.3-3.7 0-6.6-1.1-8.6-3.4-2.1-2.3-3.1-5.5-3.1-9.7 0-10.7 6.6-17.8 19.7-21.1l.1 1.4z\"><\/path><\/svg><div class=\"ugb-blockquote__content\"><p class=\"ugb-blockquote__text\">\u00abEs evidente que no todas las v\u00edctimas comparten los motivos de la manifestaci\u00f3n, y les asiste el mismo derecho que a los dem\u00e1s para expresar su discrepancia, pero la deslegitimaci\u00f3n pol\u00edtica de los convocantes emprendida desde ciertas plataformas pol\u00edticas pretende salvar el obst\u00e1culo que las v\u00edctimas representan para emprender un eventual di\u00e1logo con ETA y facilitar las pol\u00edticas asociadas a este di\u00e1logo.<br>(\u2026)<br>Es necesario resaltar, por otro lado, que la ausencia, leg\u00edtima y respetable, de algunas v\u00edctimas en la manifestaci\u00f3n que hoy recorrer\u00e1 las calles de Madrid se debe m\u00e1s a una valoraci\u00f3n de oportunidad del acto que a una oposici\u00f3n de fondo a las razones de los convocantes.\u00bb ABC, contradicciones y telepat\u00eda<\/p><\/div><\/div><\/div><\/div><\/blockquote>\n","protected":false},"excerpt":{"rendered":"<p>La manifestaci\u00f3n de la Asociaci\u00f3n de v\u00edctimas del terrorismo (AVT) es ya una manifestaci\u00f3n pro PP y contra el gobierno. No hay ninguna duda. Todos los l\u00edderes del PP van a ir a la manifestaci\u00f3n, el PP ha fletado autobuses en distintas provincias para trasladar a sus militantes a Madrid, Peces-Barba no va a ir,&hellip;&nbsp;<a href=\"https:\/\/junjan.org\/wordpress\/2005\/06\/dime_con_quin_andas\/\" rel=\"bookmark\">Leer m\u00e1s &raquo;<span class=\"screen-reader-text\">Dime con qui\u00e9n andas&#8230;<\/span><\/a><\/p>\n","protected":false},"author":1,"featured_media":0,"comment_status":"open","ping_status":"open","sticky":false,"template":"","format":"standard","meta":{"neve_meta_sidebar":"","neve_meta_container":"","neve_meta_enable_content_width":"","neve_meta_content_width":0,"neve_meta_title_alignment":"","neve_meta_author_avatar":"","neve_post_elements_order":"","neve_meta_disable_header":"","neve_meta_disable_footer":"","neve_meta_disable_title":"","footnotes":""},"categories":[5],"tags":[],"class_list":["post-512","post","type-post","status-publish","format-standard","hentry","category-actualidad"],"_links":{"self":[{"href":"https:\/\/junjan.org\/wordpress\/wp-json\/wp\/v2\/posts\/512","targetHints":{"allow":["GET"]}}],"collection":[{"href":"https:\/\/junjan.org\/wordpress\/wp-json\/wp\/v2\/posts"}],"about":[{"href":"https:\/\/junjan.org\/wordpress\/wp-json\/wp\/v2\/types\/post"}],"author":[{"embeddable":true,"href":"https:\/\/junjan.org\/wordpress\/wp-json\/wp\/v2\/users\/1"}],"replies":[{"embeddable":true,"href":"https:\/\/junjan.org\/wordpress\/wp-json\/wp\/v2\/comments?post=512"}],"version-history":[{"count":1,"href":"https:\/\/junjan.org\/wordpress\/wp-json\/wp\/v2\/posts\/512\/revisions"}],"predecessor-version":[{"id":2664,"href":"https:\/\/junjan.org\/wordpress\/wp-json\/wp\/v2\/posts\/512\/revisions\/2664"}],"wp:attachment":[{"href":"https:\/\/junjan.org\/wordpress\/wp-json\/wp\/v2\/media?parent=512"}],"wp:term":[{"taxonomy":"category","embeddable":true,"href":"https:\/\/junjan.org\/wordpress\/wp-json\/wp\/v2\/categories?post=512"},{"taxonomy":"post_tag","embeddable":true,"href":"https:\/\/junjan.org\/wordpress\/wp-json\/wp\/v2\/tags?post=512"}],"curies":[{"name":"wp","href":"https:\/\/api.w.org\/{rel}","templated":true}]}}