{"id":514,"date":"2005-06-05T13:42:18","date_gmt":"2005-06-05T13:42:18","guid":{"rendered":"http:\/\/junjan.org\/wordpress\/?p=514"},"modified":"2005-06-05T13:42:18","modified_gmt":"2005-06-05T13:42:18","slug":"crnica_del_4j","status":"publish","type":"post","link":"https:\/\/junjan.org\/wordpress\/2005\/06\/crnica_del_4j\/","title":{"rendered":"Cr\u00f3nica del 4-J"},"content":{"rendered":"<p>\u00abEl Palimpsesto\u00bb:http:\/\/elpalimpsesto.blogspot.com\/ hace una cr\u00f3nica con fotos de la manifestaci\u00f3n.<\/p>\n<blockquote><p>Vuelvo a casa con la sensaci\u00f3n de que este acto de autoafirmaci\u00f3n de la derecha espa\u00f1ola puede ser positivo para todos y cat\u00e1rtico en cierto sentido. Su dolorosa salida del Gobierno les hab\u00eda dejado ese mal sabor de boca que provocaba un constante estado de cabreo social. Hoy se han reconciliado consigo mismos. Me cruzo con otros manifestantes de vuelta a casa, que desprenden esa apariencia de post-partido a las afueras del estadio, comentando la jugada, relajados. \u201cPero c\u00f3mo se va a manifestar contra el Gobierno al que pertenece\u201d dice alguien. Un par de calles m\u00e1s all\u00e1, la gente disfruta de una veraniega tarde de s\u00e1bado como cualquier otra. Pienso que, afortunadamente, el mito de las dos Espa\u00f1as que algunos se empe\u00f1an en agitar insistentemente desde ambos lados es un mito. Como m\u00ednimo hay tres Espa\u00f1as.<\/p><\/blockquote>\n","protected":false},"excerpt":{"rendered":"<p>\u00abEl Palimpsesto\u00bb:http:\/\/elpalimpsesto.blogspot.com\/ hace una cr\u00f3nica con fotos de la manifestaci\u00f3n. Vuelvo a casa con la sensaci\u00f3n de que este acto de autoafirmaci\u00f3n de la derecha espa\u00f1ola puede ser positivo para todos y cat\u00e1rtico en cierto sentido. Su dolorosa salida del Gobierno les hab\u00eda dejado ese mal sabor de boca que provocaba un constante estado de&hellip;&nbsp;<a href=\"https:\/\/junjan.org\/wordpress\/2005\/06\/crnica_del_4j\/\" rel=\"bookmark\">Leer m\u00e1s &raquo;<span class=\"screen-reader-text\">Cr\u00f3nica del 4-J<\/span><\/a><\/p>\n","protected":false},"author":1,"featured_media":0,"comment_status":"open","ping_status":"open","sticky":false,"template":"","format":"standard","meta":{"neve_meta_sidebar":"","neve_meta_container":"","neve_meta_enable_content_width":"","neve_meta_content_width":0,"neve_meta_title_alignment":"","neve_meta_author_avatar":"","neve_post_elements_order":"","neve_meta_disable_header":"","neve_meta_disable_footer":"","neve_meta_disable_title":"","footnotes":""},"categories":[5],"tags":[],"class_list":["post-514","post","type-post","status-publish","format-standard","hentry","category-actualidad"],"_links":{"self":[{"href":"https:\/\/junjan.org\/wordpress\/wp-json\/wp\/v2\/posts\/514","targetHints":{"allow":["GET"]}}],"collection":[{"href":"https:\/\/junjan.org\/wordpress\/wp-json\/wp\/v2\/posts"}],"about":[{"href":"https:\/\/junjan.org\/wordpress\/wp-json\/wp\/v2\/types\/post"}],"author":[{"embeddable":true,"href":"https:\/\/junjan.org\/wordpress\/wp-json\/wp\/v2\/users\/1"}],"replies":[{"embeddable":true,"href":"https:\/\/junjan.org\/wordpress\/wp-json\/wp\/v2\/comments?post=514"}],"version-history":[{"count":0,"href":"https:\/\/junjan.org\/wordpress\/wp-json\/wp\/v2\/posts\/514\/revisions"}],"wp:attachment":[{"href":"https:\/\/junjan.org\/wordpress\/wp-json\/wp\/v2\/media?parent=514"}],"wp:term":[{"taxonomy":"category","embeddable":true,"href":"https:\/\/junjan.org\/wordpress\/wp-json\/wp\/v2\/categories?post=514"},{"taxonomy":"post_tag","embeddable":true,"href":"https:\/\/junjan.org\/wordpress\/wp-json\/wp\/v2\/tags?post=514"}],"curies":[{"name":"wp","href":"https:\/\/api.w.org\/{rel}","templated":true}]}}