{"id":515,"date":"2005-06-05T21:04:21","date_gmt":"2005-06-05T21:04:21","guid":{"rendered":"http:\/\/junjan.org\/wordpress\/?p=515"},"modified":"2005-06-05T21:04:21","modified_gmt":"2005-06-05T21:04:21","slug":"ficciones_televisivas","status":"publish","type":"post","link":"https:\/\/junjan.org\/wordpress\/2005\/06\/ficciones_televisivas\/","title":{"rendered":"Ficciones televisivas"},"content":{"rendered":"<p>La manifestaci\u00f3n de ayer ha vuelto a poner de manifiesto la subjetividad de las televisiones p\u00fablicas controladas por partidos pol\u00edticos y alejadas del periodismo. A pesar de promesas variadas TVE sigue en manos del poder de turno y ha obviado descaradamente la manifestaci\u00f3n y su an\u00e1lisis. En la otra cara de la moneda, TeleMadrid ha tomado la antorcha del PP y mantiene un monogr\u00e1fico reiterado.<br \/>\nCansino espect\u00e1culo de propaganda sin ni siquiera pretensiones de ejercer de servicio p\u00fablico de los contribuyentes que lo pagamos.<br \/>\nRecordemos las promesas:<\/p>\n<blockquote><p>\n<strong>PSOE<\/strong><br \/>\nLos socialistas queremos que el sistema de poder burocr\u00e1tico, centralizado y opaco, desarrollado por la derecha, se convierta en otro muy diferente que est\u00e9 caracterizado por la cultura del control y la responsabilidad de los poderes p\u00fablicos, por la transparencia de la vida p\u00fablica y por la libreinformaci\u00f3n a los ciudadanos.<br \/>\nEsos objetivos exigen, al menos, unos medios de comunicaci\u00f3n democr\u00e1ticos e independientes de cualquier Gobierno que garanticen el pluralismo y la diversidad de opiniones; el libre acceso a la informaci\u00f3n de los poderes p\u00fablicos; y una administraci\u00f3n transparente que informe a los ciudadanos.<\/p><\/blockquote>\n<blockquote><p>\n<strong>PP<\/strong><br \/>\nEl Partido Popular est\u00e1 comprometido con una radio y una televisi\u00f3n p\u00fablica de calidad, que garantice el derecho a la informaci\u00f3n y el acceso a la cultura, que act\u00fae en competencia leal con el resto de los operadores y que atienda especialmente la necesidad de disponer de contenidos adecuados para la educaci\u00f3n y la infancia. Queremos una financiaci\u00f3n transparente, ajustada a su funci\u00f3n de servicio p\u00fablico.\n<\/p><\/blockquote>\n<p>\u00bfQu\u00e9da claro?<br \/>\nPor cierto, \u00bfPor qu\u00e9 los partidos eliminan o esconden sus programas en sus p\u00e1ginas web cuando pasan las elecciones? <em>(Pregunta ret\u00f3rica)<\/em><\/p>\n","protected":false},"excerpt":{"rendered":"<p>La manifestaci\u00f3n de ayer ha vuelto a poner de manifiesto la subjetividad de las televisiones p\u00fablicas controladas por partidos pol\u00edticos y alejadas del periodismo. A pesar de promesas variadas TVE sigue en manos del poder de turno y ha obviado descaradamente la manifestaci\u00f3n y su an\u00e1lisis. En la otra cara de la moneda, TeleMadrid ha&hellip;&nbsp;<a href=\"https:\/\/junjan.org\/wordpress\/2005\/06\/ficciones_televisivas\/\" rel=\"bookmark\">Leer m\u00e1s &raquo;<span class=\"screen-reader-text\">Ficciones televisivas<\/span><\/a><\/p>\n","protected":false},"author":1,"featured_media":0,"comment_status":"open","ping_status":"open","sticky":false,"template":"","format":"standard","meta":{"neve_meta_sidebar":"","neve_meta_container":"","neve_meta_enable_content_width":"","neve_meta_content_width":0,"neve_meta_title_alignment":"","neve_meta_author_avatar":"","neve_post_elements_order":"","neve_meta_disable_header":"","neve_meta_disable_footer":"","neve_meta_disable_title":"","footnotes":""},"categories":[5],"tags":[],"class_list":["post-515","post","type-post","status-publish","format-standard","hentry","category-actualidad"],"_links":{"self":[{"href":"https:\/\/junjan.org\/wordpress\/wp-json\/wp\/v2\/posts\/515","targetHints":{"allow":["GET"]}}],"collection":[{"href":"https:\/\/junjan.org\/wordpress\/wp-json\/wp\/v2\/posts"}],"about":[{"href":"https:\/\/junjan.org\/wordpress\/wp-json\/wp\/v2\/types\/post"}],"author":[{"embeddable":true,"href":"https:\/\/junjan.org\/wordpress\/wp-json\/wp\/v2\/users\/1"}],"replies":[{"embeddable":true,"href":"https:\/\/junjan.org\/wordpress\/wp-json\/wp\/v2\/comments?post=515"}],"version-history":[{"count":0,"href":"https:\/\/junjan.org\/wordpress\/wp-json\/wp\/v2\/posts\/515\/revisions"}],"wp:attachment":[{"href":"https:\/\/junjan.org\/wordpress\/wp-json\/wp\/v2\/media?parent=515"}],"wp:term":[{"taxonomy":"category","embeddable":true,"href":"https:\/\/junjan.org\/wordpress\/wp-json\/wp\/v2\/categories?post=515"},{"taxonomy":"post_tag","embeddable":true,"href":"https:\/\/junjan.org\/wordpress\/wp-json\/wp\/v2\/tags?post=515"}],"curies":[{"name":"wp","href":"https:\/\/api.w.org\/{rel}","templated":true}]}}