{"id":519,"date":"2005-06-07T16:55:56","date_gmt":"2005-06-07T16:55:56","guid":{"rendered":"http:\/\/junjan.org\/wordpress\/?p=519"},"modified":"2005-06-07T16:55:56","modified_gmt":"2005-06-07T16:55:56","slug":"de_romano","status":"publish","type":"post","link":"https:\/\/junjan.org\/wordpress\/2005\/06\/de_romano\/","title":{"rendered":"De Romano"},"content":{"rendered":"<p>Un polic\u00eda se subleva para no asistir a las hondas tradiciones cristianas del pueblo espa\u00f1ol. \u00ab[\u00abObjeci\u00f3n de conciencia al Corpus\u00bb:http:\/\/www.elpais.es\/articulo.html?d_date=&#038;xref=20050607elpepiult_1&#038;type=Tes&#038;anchor=elpportec]\u00bb en \u00abEl Pa\u00eds\u00bb.<\/p>\n<blockquote><p>El m\u00e1ximo responsable policial de Vila-real ha presentado una denuncia en el Juzgado n\u00famero 3 de la ciudad contra el alcalde, Manuel Vilanova, y el concejal delegado de polic\u00eda, Alejandro Amposta, por obligarle a asistir a la procesi\u00f3n del Corpus e incurrir en supuestas amenazas.<br \/>\n(&#8230;)<br \/>\nA pesar del antecedente judicial, y del oficio remitido al Ayuntamiento, el concejal de polic\u00eda pidi\u00f3 hace dos semanas que formase en la procesi\u00f3n del Corpus junto a los ediles, los maceros y la banda municipal. \u00c1ngel Torres se neg\u00f3 y, seg\u00fan relata en el escrito de su querella, el edil le comunic\u00f3 que deb\u00eda asistir \u00abde forma imperativa\u00bb a la procesi\u00f3n, aunque \u00abpod\u00eda quedarse\u00bb despu\u00e9s \u00aba la puerta de la iglesia\u00bb para reincorporarse con posterioridad. \u00abComo si el problema fuera entrar o no al templo y la procesi\u00f3n no fuese un acto que atentara tambi\u00e9n contra mis creencias\u00bb, asevera el jefe de la Polic\u00eda Local, que por temor a la apertura de un expediente disciplinario decidi\u00f3 asistir al acto, aunque interpuso la denuncia. Una vez acabada la primera parte de la procesi\u00f3n opt\u00f3 por entrar en la iglesia porque a su juicio, \u00abresultaba humillante quedarse a la puerta con todo el pueblo mirando\u00bb y all\u00ed comunic\u00f3 al alcalde, Manuel Vilanova, que hab\u00eda presentado la denuncia. Fue entonces cuando seg\u00fan el jefe de la Polic\u00eda Local, Vilanova le amenaz\u00f3 al espetarle que hasta la fecha le hab\u00eda \u00abconsentido muchas cosas\u00bb, pero que a partir de ahora se iba \u00aba enterar\u00bb. Una advertencia que \u00abrepiti\u00f3 hasta en tres ocasiones\u00bb.\n<\/p><\/blockquote>\n<p>Como se entere el Panzer-Papa manda la guardia suiza&#8230;<\/p>\n","protected":false},"excerpt":{"rendered":"<p>Un polic\u00eda se subleva para no asistir a las hondas tradiciones cristianas del pueblo espa\u00f1ol. \u00ab[\u00abObjeci\u00f3n de conciencia al Corpus\u00bb:http:\/\/www.elpais.es\/articulo.html?d_date=&#038;xref=20050607elpepiult_1&#038;type=Tes&#038;anchor=elpportec]\u00bb en \u00abEl Pa\u00eds\u00bb. El m\u00e1ximo responsable policial de Vila-real ha presentado una denuncia en el Juzgado n\u00famero 3 de la ciudad contra el alcalde, Manuel Vilanova, y el concejal delegado de polic\u00eda, Alejandro Amposta, por&hellip;&nbsp;<a href=\"https:\/\/junjan.org\/wordpress\/2005\/06\/de_romano\/\" rel=\"bookmark\">Leer m\u00e1s &raquo;<span class=\"screen-reader-text\">De Romano<\/span><\/a><\/p>\n","protected":false},"author":1,"featured_media":0,"comment_status":"open","ping_status":"open","sticky":false,"template":"","format":"standard","meta":{"neve_meta_sidebar":"","neve_meta_container":"","neve_meta_enable_content_width":"","neve_meta_content_width":0,"neve_meta_title_alignment":"","neve_meta_author_avatar":"","neve_post_elements_order":"","neve_meta_disable_header":"","neve_meta_disable_footer":"","neve_meta_disable_title":"","footnotes":""},"categories":[5],"tags":[],"class_list":["post-519","post","type-post","status-publish","format-standard","hentry","category-actualidad"],"_links":{"self":[{"href":"https:\/\/junjan.org\/wordpress\/wp-json\/wp\/v2\/posts\/519","targetHints":{"allow":["GET"]}}],"collection":[{"href":"https:\/\/junjan.org\/wordpress\/wp-json\/wp\/v2\/posts"}],"about":[{"href":"https:\/\/junjan.org\/wordpress\/wp-json\/wp\/v2\/types\/post"}],"author":[{"embeddable":true,"href":"https:\/\/junjan.org\/wordpress\/wp-json\/wp\/v2\/users\/1"}],"replies":[{"embeddable":true,"href":"https:\/\/junjan.org\/wordpress\/wp-json\/wp\/v2\/comments?post=519"}],"version-history":[{"count":0,"href":"https:\/\/junjan.org\/wordpress\/wp-json\/wp\/v2\/posts\/519\/revisions"}],"wp:attachment":[{"href":"https:\/\/junjan.org\/wordpress\/wp-json\/wp\/v2\/media?parent=519"}],"wp:term":[{"taxonomy":"category","embeddable":true,"href":"https:\/\/junjan.org\/wordpress\/wp-json\/wp\/v2\/categories?post=519"},{"taxonomy":"post_tag","embeddable":true,"href":"https:\/\/junjan.org\/wordpress\/wp-json\/wp\/v2\/tags?post=519"}],"curies":[{"name":"wp","href":"https:\/\/api.w.org\/{rel}","templated":true}]}}