{"id":522,"date":"2005-06-10T00:44:10","date_gmt":"2005-06-10T00:44:10","guid":{"rendered":"http:\/\/junjan.org\/wordpress\/?p=522"},"modified":"2005-06-10T00:44:10","modified_gmt":"2005-06-10T00:44:10","slug":"esperanzas","status":"publish","type":"post","link":"https:\/\/junjan.org\/wordpress\/2005\/06\/esperanzas\/","title":{"rendered":"Esperanzas"},"content":{"rendered":"<p>Ignacio Ramonet, \u00abEsperanzas\u00bb:http:\/\/www.monde-diplomatique.es\/ (Le Monde Diplomatique)<\/p>\n<blockquote><p>Una vez m\u00e1s, al dar el pasado 29 de mayo un rotundo no al proyecto de tratado constitucional para Europa, la Francia rebelde hizo honor a su tradici\u00f3n de naci\u00f3n pol\u00edtica por excelencia. Sacudi\u00f3 al Viejo Continente, suscitando de nuevo la esperanza de los pueblos y la inquietud de las \u00e9lites establecidas. Reanud\u00f3 su misi\u00f3n hist\u00f3rica al dar prueba a trav\u00e9s de la acci\u00f3n audaz de sus ciudadanos de que es posible eludir la fatalidad y las pesadeces de los determinismos econ\u00f3micos y pol\u00edticos.<br \/>\nPorque este no tiene una significaci\u00f3n central: es un freno a la pretensi\u00f3n ultraliberal de imponer en todo el mundo, en menoscabo de los ciudadanos, un modelo econ\u00f3mico \u00fanico, el definido por el dogma de la globalizaci\u00f3n.<\/p><\/blockquote>\n","protected":false},"excerpt":{"rendered":"<p>Ignacio Ramonet, \u00abEsperanzas\u00bb:http:\/\/www.monde-diplomatique.es\/ (Le Monde Diplomatique) Una vez m\u00e1s, al dar el pasado 29 de mayo un rotundo no al proyecto de tratado constitucional para Europa, la Francia rebelde hizo honor a su tradici\u00f3n de naci\u00f3n pol\u00edtica por excelencia. Sacudi\u00f3 al Viejo Continente, suscitando de nuevo la esperanza de los pueblos y la inquietud de&hellip;&nbsp;<a href=\"https:\/\/junjan.org\/wordpress\/2005\/06\/esperanzas\/\" rel=\"bookmark\">Leer m\u00e1s &raquo;<span class=\"screen-reader-text\">Esperanzas<\/span><\/a><\/p>\n","protected":false},"author":1,"featured_media":0,"comment_status":"open","ping_status":"open","sticky":false,"template":"","format":"standard","meta":{"neve_meta_sidebar":"","neve_meta_container":"","neve_meta_enable_content_width":"","neve_meta_content_width":0,"neve_meta_title_alignment":"","neve_meta_author_avatar":"","neve_post_elements_order":"","neve_meta_disable_header":"","neve_meta_disable_footer":"","neve_meta_disable_title":"","footnotes":""},"categories":[5],"tags":[],"class_list":["post-522","post","type-post","status-publish","format-standard","hentry","category-actualidad"],"_links":{"self":[{"href":"https:\/\/junjan.org\/wordpress\/wp-json\/wp\/v2\/posts\/522","targetHints":{"allow":["GET"]}}],"collection":[{"href":"https:\/\/junjan.org\/wordpress\/wp-json\/wp\/v2\/posts"}],"about":[{"href":"https:\/\/junjan.org\/wordpress\/wp-json\/wp\/v2\/types\/post"}],"author":[{"embeddable":true,"href":"https:\/\/junjan.org\/wordpress\/wp-json\/wp\/v2\/users\/1"}],"replies":[{"embeddable":true,"href":"https:\/\/junjan.org\/wordpress\/wp-json\/wp\/v2\/comments?post=522"}],"version-history":[{"count":0,"href":"https:\/\/junjan.org\/wordpress\/wp-json\/wp\/v2\/posts\/522\/revisions"}],"wp:attachment":[{"href":"https:\/\/junjan.org\/wordpress\/wp-json\/wp\/v2\/media?parent=522"}],"wp:term":[{"taxonomy":"category","embeddable":true,"href":"https:\/\/junjan.org\/wordpress\/wp-json\/wp\/v2\/categories?post=522"},{"taxonomy":"post_tag","embeddable":true,"href":"https:\/\/junjan.org\/wordpress\/wp-json\/wp\/v2\/tags?post=522"}],"curies":[{"name":"wp","href":"https:\/\/api.w.org\/{rel}","templated":true}]}}