{"id":524,"date":"2005-06-10T09:09:52","date_gmt":"2005-06-10T09:09:52","guid":{"rendered":"http:\/\/junjan.org\/wordpress\/?p=524"},"modified":"2005-06-10T09:09:52","modified_gmt":"2005-06-10T09:09:52","slug":"curas_de_pancarta","status":"publish","type":"post","link":"https:\/\/junjan.org\/wordpress\/2005\/06\/curas_de_pancarta\/","title":{"rendered":"Curas de pancarta"},"content":{"rendered":"<p>Comunicado de la Conferencia Episcopal<\/p>\n<blockquote><p>La Conferencia Episcopal, a trav\u00e9s de su Comit\u00e9 Ejecutivo, ha manifestado en dos ocasiones su juicio claramente negativo sobre la legislaci\u00f3n que se prepara en este momento y que supondr\u00eda una corrupci\u00f3n tal del matrimonio en nuestras leyes, que esta instituci\u00f3n vital e insustituible para las personas y para la sociedad dejar\u00eda de ser la uni\u00f3n de un hombre y de una mujer. Los obispos, en sus di\u00f3cesis, han expuesto tambi\u00e9n la doctrina cat\u00f3lica a este respecto de modo n\u00edtido y reiterado.<br \/>\nLa sociedad, a trav\u00e9s de diversas instancias, ha manifestado igualmente su rechazo de una legislaci\u00f3n tan injusta y contraria a la raz\u00f3n. Entre las iniciativas sociales propuestas para la defensa de los derechos del matrimonio, de la familia y de los ni\u00f1os, una organizaci\u00f3n civil ha convocado a los ciudadanos a expresar su apoyo a estos derechos por medio de una manifestaci\u00f3n convocada para el d\u00eda 18 de junio en Madrid bajo el lema de \u201cLa familia s\u00ed importa\u201d.<br \/>\nLa causa es justa. Nos hallamos ante una cuesti\u00f3n de la mayor trascendencia moral y social que exige de los ciudadanos, en particular de los cat\u00f3licos, una respuesta clara e incisiva por todos los medios leg\u00edtimos. Los fieles laicos responden adecuadamente al desaf\u00edo planteado cuando hacen uso de sus derechos democr\u00e1ticos a expresar su desacuerdo manifest\u00e1ndose pac\u00edficamente. Es un modo leg\u00edtimo de cumplir con su deber al servicio del bien com\u00fan.<\/p><\/blockquote>\n<p><em>Legislaci\u00f3n injusta y contraria a la raz\u00f3n.<\/em> \u00a1ja! No como la Iglesia que tiene esa legendaria racionalidad y justicia.<br \/>\nDiversi\u00f3n a raudales para el 18-J.<\/p>\n","protected":false},"excerpt":{"rendered":"<p>Comunicado de la Conferencia Episcopal La Conferencia Episcopal, a trav\u00e9s de su Comit\u00e9 Ejecutivo, ha manifestado en dos ocasiones su juicio claramente negativo sobre la legislaci\u00f3n que se prepara en este momento y que supondr\u00eda una corrupci\u00f3n tal del matrimonio en nuestras leyes, que esta instituci\u00f3n vital e insustituible para las personas y para la&hellip;&nbsp;<a href=\"https:\/\/junjan.org\/wordpress\/2005\/06\/curas_de_pancarta\/\" rel=\"bookmark\">Leer m\u00e1s &raquo;<span class=\"screen-reader-text\">Curas de pancarta<\/span><\/a><\/p>\n","protected":false},"author":1,"featured_media":0,"comment_status":"open","ping_status":"open","sticky":false,"template":"","format":"standard","meta":{"neve_meta_sidebar":"","neve_meta_container":"","neve_meta_enable_content_width":"","neve_meta_content_width":0,"neve_meta_title_alignment":"","neve_meta_author_avatar":"","neve_post_elements_order":"","neve_meta_disable_header":"","neve_meta_disable_footer":"","neve_meta_disable_title":"","footnotes":""},"categories":[5],"tags":[],"class_list":["post-524","post","type-post","status-publish","format-standard","hentry","category-actualidad"],"_links":{"self":[{"href":"https:\/\/junjan.org\/wordpress\/wp-json\/wp\/v2\/posts\/524","targetHints":{"allow":["GET"]}}],"collection":[{"href":"https:\/\/junjan.org\/wordpress\/wp-json\/wp\/v2\/posts"}],"about":[{"href":"https:\/\/junjan.org\/wordpress\/wp-json\/wp\/v2\/types\/post"}],"author":[{"embeddable":true,"href":"https:\/\/junjan.org\/wordpress\/wp-json\/wp\/v2\/users\/1"}],"replies":[{"embeddable":true,"href":"https:\/\/junjan.org\/wordpress\/wp-json\/wp\/v2\/comments?post=524"}],"version-history":[{"count":0,"href":"https:\/\/junjan.org\/wordpress\/wp-json\/wp\/v2\/posts\/524\/revisions"}],"wp:attachment":[{"href":"https:\/\/junjan.org\/wordpress\/wp-json\/wp\/v2\/media?parent=524"}],"wp:term":[{"taxonomy":"category","embeddable":true,"href":"https:\/\/junjan.org\/wordpress\/wp-json\/wp\/v2\/categories?post=524"},{"taxonomy":"post_tag","embeddable":true,"href":"https:\/\/junjan.org\/wordpress\/wp-json\/wp\/v2\/tags?post=524"}],"curies":[{"name":"wp","href":"https:\/\/api.w.org\/{rel}","templated":true}]}}