{"id":526,"date":"2005-06-11T09:55:16","date_gmt":"2005-06-11T09:55:16","guid":{"rendered":"http:\/\/junjan.org\/wordpress\/?p=526"},"modified":"2005-06-11T09:55:16","modified_gmt":"2005-06-11T09:55:16","slug":"ovejas_descarriadas","status":"publish","type":"post","link":"https:\/\/junjan.org\/wordpress\/2005\/06\/ovejas_descarriadas\/","title":{"rendered":"Ovejas descarriadas"},"content":{"rendered":"<p>El apoyo de la Iglesia a la manifestaci\u00f3n del 18 de Julio est\u00e1 haciendo que se le descarr\u00eden [\u00abalgunas ovejas\u00bb:http:\/\/www.atrio.org\/default.htm].<\/p>\n<blockquote><p>\u00abComo cristianos que pertenecemos a una sociedad democr\u00e1tica, con recta formaci\u00f3n moral, criterios propios y fuertes convicciones, nos repugna que la jerarqu\u00eda quiera dirigir nuestra fe a golpe de silbato. Por todo ello, haciendo uso de nuestro derecho a la objeci\u00f3n de conciencia, hemos dicho <em>non possumus<\/em> a los obispos. No podemos obedecerles. Estamos dispuestos a decir no tantas veces cuantas creamos que los obispos se extralimitan en sus atribuciones\u00bb<\/p><\/blockquote>\n","protected":false},"excerpt":{"rendered":"<p>El apoyo de la Iglesia a la manifestaci\u00f3n del 18 de Julio est\u00e1 haciendo que se le descarr\u00eden [\u00abalgunas ovejas\u00bb:http:\/\/www.atrio.org\/default.htm]. \u00abComo cristianos que pertenecemos a una sociedad democr\u00e1tica, con recta formaci\u00f3n moral, criterios propios y fuertes convicciones, nos repugna que la jerarqu\u00eda quiera dirigir nuestra fe a golpe de silbato. Por todo ello, haciendo uso&hellip;&nbsp;<a href=\"https:\/\/junjan.org\/wordpress\/2005\/06\/ovejas_descarriadas\/\" rel=\"bookmark\">Leer m\u00e1s &raquo;<span class=\"screen-reader-text\">Ovejas descarriadas<\/span><\/a><\/p>\n","protected":false},"author":1,"featured_media":0,"comment_status":"open","ping_status":"open","sticky":false,"template":"","format":"standard","meta":{"neve_meta_sidebar":"","neve_meta_container":"","neve_meta_enable_content_width":"","neve_meta_content_width":0,"neve_meta_title_alignment":"","neve_meta_author_avatar":"","neve_post_elements_order":"","neve_meta_disable_header":"","neve_meta_disable_footer":"","neve_meta_disable_title":"","footnotes":""},"categories":[5],"tags":[],"class_list":["post-526","post","type-post","status-publish","format-standard","hentry","category-actualidad"],"_links":{"self":[{"href":"https:\/\/junjan.org\/wordpress\/wp-json\/wp\/v2\/posts\/526","targetHints":{"allow":["GET"]}}],"collection":[{"href":"https:\/\/junjan.org\/wordpress\/wp-json\/wp\/v2\/posts"}],"about":[{"href":"https:\/\/junjan.org\/wordpress\/wp-json\/wp\/v2\/types\/post"}],"author":[{"embeddable":true,"href":"https:\/\/junjan.org\/wordpress\/wp-json\/wp\/v2\/users\/1"}],"replies":[{"embeddable":true,"href":"https:\/\/junjan.org\/wordpress\/wp-json\/wp\/v2\/comments?post=526"}],"version-history":[{"count":0,"href":"https:\/\/junjan.org\/wordpress\/wp-json\/wp\/v2\/posts\/526\/revisions"}],"wp:attachment":[{"href":"https:\/\/junjan.org\/wordpress\/wp-json\/wp\/v2\/media?parent=526"}],"wp:term":[{"taxonomy":"category","embeddable":true,"href":"https:\/\/junjan.org\/wordpress\/wp-json\/wp\/v2\/categories?post=526"},{"taxonomy":"post_tag","embeddable":true,"href":"https:\/\/junjan.org\/wordpress\/wp-json\/wp\/v2\/tags?post=526"}],"curies":[{"name":"wp","href":"https:\/\/api.w.org\/{rel}","templated":true}]}}