{"id":532,"date":"2005-06-13T19:33:44","date_gmt":"2005-06-13T19:33:44","guid":{"rendered":"http:\/\/junjan.org\/wordpress\/?p=532"},"modified":"2005-06-13T19:33:44","modified_gmt":"2005-06-13T19:33:44","slug":"pancarteros_compulsivos","status":"publish","type":"post","link":"https:\/\/junjan.org\/wordpress\/2005\/06\/pancarteros_compulsivos\/","title":{"rendered":"Pancarteros compulsivos"},"content":{"rendered":"<blockquote><p>El PP ha anunciado su apoyo a la manifestaci\u00f3n convocada para el pr\u00f3ximo s\u00e1bado en Madrid contra la ley que permitir\u00e1 el matrimonio entre homosexuales.(&#8230;)<br \/>\nAcebes ha a\u00f1adido que los objetivos de la convocatoria coinciden con el programa electoral de su partido. Insisti\u00f3 en que es una manifestaci\u00f3n \u00aba favor del modelo tradicional de familia y en contra del modelo elegido por el Gobierno para convertir a las parejas homosexuales en matrimonios\u00bb. Sobre este punto, explic\u00f3 que el PP es partidario de equiparar en derechos a estas parejas, si bien a partir de una regulaci\u00f3n distinta a la del matrimonio.\n<\/p><\/blockquote>\n<p>El Mundo, \u00abEl PP apoya tambi\u00e9n la marcha contra los matrimonios gays\u00bb:http:\/\/www.elmundo.es\/elmundo\/2005\/06\/13\/espana\/1118664493.html<\/p>\n","protected":false},"excerpt":{"rendered":"<p>El PP ha anunciado su apoyo a la manifestaci\u00f3n convocada para el pr\u00f3ximo s\u00e1bado en Madrid contra la ley que permitir\u00e1 el matrimonio entre homosexuales.(&#8230;) Acebes ha a\u00f1adido que los objetivos de la convocatoria coinciden con el programa electoral de su partido. Insisti\u00f3 en que es una manifestaci\u00f3n \u00aba favor del modelo tradicional de familia&hellip;&nbsp;<a href=\"https:\/\/junjan.org\/wordpress\/2005\/06\/pancarteros_compulsivos\/\" rel=\"bookmark\">Leer m\u00e1s &raquo;<span class=\"screen-reader-text\">Pancarteros compulsivos<\/span><\/a><\/p>\n","protected":false},"author":1,"featured_media":0,"comment_status":"open","ping_status":"open","sticky":false,"template":"","format":"standard","meta":{"neve_meta_sidebar":"","neve_meta_container":"","neve_meta_enable_content_width":"","neve_meta_content_width":0,"neve_meta_title_alignment":"","neve_meta_author_avatar":"","neve_post_elements_order":"","neve_meta_disable_header":"","neve_meta_disable_footer":"","neve_meta_disable_title":"","footnotes":""},"categories":[5],"tags":[],"class_list":["post-532","post","type-post","status-publish","format-standard","hentry","category-actualidad"],"_links":{"self":[{"href":"https:\/\/junjan.org\/wordpress\/wp-json\/wp\/v2\/posts\/532","targetHints":{"allow":["GET"]}}],"collection":[{"href":"https:\/\/junjan.org\/wordpress\/wp-json\/wp\/v2\/posts"}],"about":[{"href":"https:\/\/junjan.org\/wordpress\/wp-json\/wp\/v2\/types\/post"}],"author":[{"embeddable":true,"href":"https:\/\/junjan.org\/wordpress\/wp-json\/wp\/v2\/users\/1"}],"replies":[{"embeddable":true,"href":"https:\/\/junjan.org\/wordpress\/wp-json\/wp\/v2\/comments?post=532"}],"version-history":[{"count":0,"href":"https:\/\/junjan.org\/wordpress\/wp-json\/wp\/v2\/posts\/532\/revisions"}],"wp:attachment":[{"href":"https:\/\/junjan.org\/wordpress\/wp-json\/wp\/v2\/media?parent=532"}],"wp:term":[{"taxonomy":"category","embeddable":true,"href":"https:\/\/junjan.org\/wordpress\/wp-json\/wp\/v2\/categories?post=532"},{"taxonomy":"post_tag","embeddable":true,"href":"https:\/\/junjan.org\/wordpress\/wp-json\/wp\/v2\/tags?post=532"}],"curies":[{"name":"wp","href":"https:\/\/api.w.org\/{rel}","templated":true}]}}