{"id":539,"date":"2005-06-17T11:47:14","date_gmt":"2005-06-17T11:47:14","guid":{"rendered":"http:\/\/junjan.org\/wordpress\/?p=539"},"modified":"2005-06-17T11:47:14","modified_gmt":"2005-06-17T11:47:14","slug":"familia_en_peligro_de_extincin","status":"publish","type":"post","link":"https:\/\/junjan.org\/wordpress\/2005\/06\/familia_en_peligro_de_extincin\/","title":{"rendered":"Familia en peligro de extinci\u00f3n"},"content":{"rendered":"<p><strong>Juan Jos\u00e9 Mill\u00e1s<\/strong>, \u00abLa Familia\u00bb:http:\/\/www.elpais.es\/articuloCompleto.html?d_date=&#038;xref=20050617elpepiult_2&#038;type=Tes&#038;anchor=elpepiult (El Pais)<\/p>\n<blockquote><p>Sin embargo, seg\u00fan la Conferencia Episcopal y su brazo pol\u00edtico, el PP, la familia est\u00e1 seriamente perseguida y a punto de desaparecer. Suena raro, porque aqu\u00ed se casan hasta los que est\u00e1n en contra del matrimonio, y lo hacen por la Iglesia, aunque no crean en Dios, porque queda m\u00e1s bonito.<br \/>\n\u00bfDe qu\u00e9 persecuci\u00f3n hablan entonces? \u00bfUstedes saben de alguien a quien se le haya prohibido casarse y tener hijos? \u00bfHan visto a alguna familia detenida en las dependencias policiales por reunirse a comer paella los domingos? \u00bfAcaso est\u00e1n las c\u00e1rceles llenas de abuelos, hijos o nietos acusados de ser abuelos, hijos o nietos? \u00bfSe han vuelto locos los obispos y el PP? Es todo un desatino. Pero, ya puestos a hablar de persecuciones, tendr\u00edamos que mencionar aqu\u00e9lla a la que han sido sometidos, desde hace siglos, los homosexuales. Y por parte de la Iglesia y de los parientes del PP, para decirlo todo. Si alguien se merece una manifestaci\u00f3n de apoyo, en fin, son estas personas que, parad\u00f3jicamente, s\u00f3lo quieren formar una familia.<\/p><\/blockquote>\n","protected":false},"excerpt":{"rendered":"<p>Juan Jos\u00e9 Mill\u00e1s, \u00abLa Familia\u00bb:http:\/\/www.elpais.es\/articuloCompleto.html?d_date=&#038;xref=20050617elpepiult_2&#038;type=Tes&#038;anchor=elpepiult (El Pais) Sin embargo, seg\u00fan la Conferencia Episcopal y su brazo pol\u00edtico, el PP, la familia est\u00e1 seriamente perseguida y a punto de desaparecer. Suena raro, porque aqu\u00ed se casan hasta los que est\u00e1n en contra del matrimonio, y lo hacen por la Iglesia, aunque no crean en Dios, porque&hellip;&nbsp;<a href=\"https:\/\/junjan.org\/wordpress\/2005\/06\/familia_en_peligro_de_extincin\/\" rel=\"bookmark\">Leer m\u00e1s &raquo;<span class=\"screen-reader-text\">Familia en peligro de extinci\u00f3n<\/span><\/a><\/p>\n","protected":false},"author":1,"featured_media":0,"comment_status":"open","ping_status":"open","sticky":false,"template":"","format":"standard","meta":{"neve_meta_sidebar":"","neve_meta_container":"","neve_meta_enable_content_width":"","neve_meta_content_width":0,"neve_meta_title_alignment":"","neve_meta_author_avatar":"","neve_post_elements_order":"","neve_meta_disable_header":"","neve_meta_disable_footer":"","neve_meta_disable_title":"","footnotes":""},"categories":[5],"tags":[],"class_list":["post-539","post","type-post","status-publish","format-standard","hentry","category-actualidad"],"_links":{"self":[{"href":"https:\/\/junjan.org\/wordpress\/wp-json\/wp\/v2\/posts\/539","targetHints":{"allow":["GET"]}}],"collection":[{"href":"https:\/\/junjan.org\/wordpress\/wp-json\/wp\/v2\/posts"}],"about":[{"href":"https:\/\/junjan.org\/wordpress\/wp-json\/wp\/v2\/types\/post"}],"author":[{"embeddable":true,"href":"https:\/\/junjan.org\/wordpress\/wp-json\/wp\/v2\/users\/1"}],"replies":[{"embeddable":true,"href":"https:\/\/junjan.org\/wordpress\/wp-json\/wp\/v2\/comments?post=539"}],"version-history":[{"count":0,"href":"https:\/\/junjan.org\/wordpress\/wp-json\/wp\/v2\/posts\/539\/revisions"}],"wp:attachment":[{"href":"https:\/\/junjan.org\/wordpress\/wp-json\/wp\/v2\/media?parent=539"}],"wp:term":[{"taxonomy":"category","embeddable":true,"href":"https:\/\/junjan.org\/wordpress\/wp-json\/wp\/v2\/categories?post=539"},{"taxonomy":"post_tag","embeddable":true,"href":"https:\/\/junjan.org\/wordpress\/wp-json\/wp\/v2\/tags?post=539"}],"curies":[{"name":"wp","href":"https:\/\/api.w.org\/{rel}","templated":true}]}}