{"id":541,"date":"2005-06-20T13:35:59","date_gmt":"2005-06-20T13:35:59","guid":{"rendered":"http:\/\/junjan.org\/wordpress\/?p=541"},"modified":"2020-11-27T00:44:27","modified_gmt":"2020-11-26T23:44:27","slug":"el_baile_de_las_cifras","status":"publish","type":"post","link":"https:\/\/junjan.org\/wordpress\/2005\/06\/el_baile_de_las_cifras\/","title":{"rendered":"El baile de las cifras"},"content":{"rendered":"\n<blockquote class=\"wp-block-quote is-layout-flow wp-block-quote-is-layout-flow\"><p><strong>Una multitud pide que se retire la ley del matrimonio homosexual<\/strong><br>\u00abSchlichting ha cifrado en mill\u00f3n y medio el n\u00famero de personas participantes en la marcha. La Delegaci\u00f3n del Gobierno asegura que han sido 166.000 los manifestantes.\u00bb <a rel=\"noreferrer noopener\" href=\"http:\/\/elmundo.es\/elmundo\/2005\/06\/18\/espana\/1119111135.html\" target=\"_blank\">El Mundo<\/a><\/p><p><strong>Obispos y altos cargos del PP arropan la manifestaci\u00f3n contra las bodas gays. Unas 180.000 personas marcharon en Madrid en defensa del modelo de familia tradicional<\/strong><br>La manifestaci\u00f3n del Foro Espa\u00f1ol de la Familia contra la inminente legalizaci\u00f3n del matrimonio entre personas del mismo sexo reuni\u00f3 ayer por la tarde en Madrid a cerca de 180.000 personas -mill\u00f3n y medio seg\u00fan los organizadores; 700.000 seg\u00fan la Comunidad de Madrid, y 166.000 en opini\u00f3n de la Delegaci\u00f3n del Gobierno con datos de la Polic\u00eda Nacional. <a rel=\"noreferrer noopener\" href=\"http:\/\/www.elpais.es\/articulo.html?d_date=&amp;xref=20050619elpepisoc_1&amp;type=Tes&amp;anchor=elpporsoc\" target=\"_blank\">El Pais<\/a><\/p><p><strong>Cientos de miles de personas exigen que no se cambie el concepto de matrimonio<\/strong><br>Cientos de miles de personas (un mill\u00f3n y medio seg\u00fan los organizadores, ciento sesenta y seis mil, seg\u00fan las cifras de la Polic\u00eda) salieron ayer a la calle por tercera vez en menos de veinte d\u00edas para decirle al Gobierno que no est\u00e1 haciendo las cosas bien. <a rel=\"noreferrer noopener\" href=\"http:\/\/abc.es\/abc\/pg050619\/prensa\/noticias\/Sociedad\/Sociedad\/200506\/19\/NAC-SOC-064.asp\" target=\"_blank\">ABC<\/a><\/p><p><strong>El apoyo a la Familia en Madrid se convierte en un referente de manifestaci\u00f3n democr\u00e1tica<\/strong><br>Mientras que la Delegaci\u00f3n del Gobierno dice que la Polic\u00eda Nacional estima en 166.000 personas el seguimiento del 18-J, los organizadores est\u00e1n convencidos de que ha llegado al mill\u00f3n y medio, el triple de lo que estimaban. La cifra que ofrece la Comunidad de Madrid es de m\u00e1s de 700.000. Con ambiente festivo y sin un solo incidente, la tercera manifestaci\u00f3n masiva desde que gobierna el PSOE puede calificarse de rotundo \u00e9xito. <a rel=\"noreferrer noopener\" href=\"http:\/\/www.libertaddigital.com\/noticias\/noticia_1276254270.html\" target=\"_blank\">Libertad Digital<\/a><\/p><p>A la vista de las fotos, y en comparaci\u00f3n con manifestaciones millonarias como la del 12M, creo que se est\u00e1n pasando mucho.<br><strong>Actualizaci\u00f3n<\/strong><br><a rel=\"noreferrer noopener\" href=\"http:\/\/www.malaprensa.com\/\" target=\"_blank\">Malaprensa<\/a> hace un c\u00e1lculo con datos, me cuadra bastante m\u00e1s: <\/p><\/blockquote>\n\n\n\n<blockquote class=\"wp-block-ugb-blockquote ugb-blockquote ugb-b64e6d9 ugb-blockquote--v3 ugb-blockquote--design-plain ugb-main-block\"><style>.ugb-b64e6d9 .ugb-blockquote__quote{width:70px !important;height:70px !important}<\/style><div class=\"ugb-inner-block\"><div class=\"ugb-block-content\"><div class=\"ugb-blockquote__item\"><svg viewbox=\"0 0 50 50\" xmlns=\"http:\/\/www.w3.org\/2000\/svg\" class=\"ugb-blockquote__quote\" width=\"70\" height=\"70\"><path d=\"M19.8 9.3C10.5 11.8 4.6 17 2.1 24.8c2.3-3.6 5.6-5.4 9.9-5.4 3.3 0 6 1.1 8.3 3.3 2.2 2.2 3.4 5 3.4 8.3 0 3.2-1.1 5.8-3.3 8-2.2 2.2-5.1 3.2-8.7 3.2-3.7 0-6.5-1.2-8.6-3.5C1 36.3 0 33.1 0 29 0 18.3 6.5 11.2 19.6 7.9l.2 1.4zm26.4 0C36.9 11.9 31 17 28.5 24.8c2.2-3.6 5.5-5.4 9.8-5.4 3.2 0 6 1.1 8.3 3.2 2.3 2.2 3.4 4.9 3.4 8.3 0 3.1-1.1 5.8-3.3 7.9-2.2 2.2-5.1 3.3-8.6 3.3-3.7 0-6.6-1.1-8.6-3.4-2.1-2.3-3.1-5.5-3.1-9.7 0-10.7 6.6-17.8 19.7-21.1l.1 1.4z\"><\/path><\/svg><div class=\"ugb-blockquote__content\"><p class=\"ugb-blockquote__text\">He revisado con Sigpac la superficie aproximada del espacio que acabo de describir, y resultan, redondeando, unos 9.500 m2 en la Puerta del Sol, unos 7.500 entre Sol y la confluencia de Alcal\u00e1 y Gran V\u00eda (esto es lo m\u00e1s dif\u00edcil de calcular, porque la perspectiva de las fotos a\u00e9reas no permite ver la anchura de la calle), y unos 14.000 entre esa confluencia y Cibeles, incluida. Total, unos 31.000 m2, que manteniendo la hip\u00f3tesis de 4 personas por m2 da un resultado de 124.000 personas. Vuelvan a aplicar un margen de error generoso, y nos encontramos con entre 100.000 y 150.000 personas. M\u00e1s o menos la d\u00e9cima parte de lo que dice la organizaci\u00f3n, aunque veo que ning\u00fan medio importante ha aceptado la cifra como propia (no he visto Telemadrid desde ayer a las 19,30). Parece que la credulidad de los periodistas tiene un l\u00edmite.<\/p><\/div><\/div><\/div><\/div><\/blockquote>\n","protected":false},"excerpt":{"rendered":"<p>Una multitud pide que se retire la ley del matrimonio homosexual\u00abSchlichting ha cifrado en mill\u00f3n y medio el n\u00famero de personas participantes en la marcha. La Delegaci\u00f3n del Gobierno asegura que han sido 166.000 los manifestantes.\u00bb El Mundo Obispos y altos cargos del PP arropan la manifestaci\u00f3n contra las bodas gays. Unas 180.000 personas marcharon&hellip;&nbsp;<a href=\"https:\/\/junjan.org\/wordpress\/2005\/06\/el_baile_de_las_cifras\/\" rel=\"bookmark\">Leer m\u00e1s &raquo;<span class=\"screen-reader-text\">El baile de las cifras<\/span><\/a><\/p>\n","protected":false},"author":1,"featured_media":0,"comment_status":"open","ping_status":"open","sticky":false,"template":"","format":"standard","meta":{"neve_meta_sidebar":"","neve_meta_container":"","neve_meta_enable_content_width":"","neve_meta_content_width":0,"neve_meta_title_alignment":"","neve_meta_author_avatar":"","neve_post_elements_order":"","neve_meta_disable_header":"","neve_meta_disable_footer":"","neve_meta_disable_title":"","footnotes":""},"categories":[5],"tags":[],"class_list":["post-541","post","type-post","status-publish","format-standard","hentry","category-actualidad"],"_links":{"self":[{"href":"https:\/\/junjan.org\/wordpress\/wp-json\/wp\/v2\/posts\/541","targetHints":{"allow":["GET"]}}],"collection":[{"href":"https:\/\/junjan.org\/wordpress\/wp-json\/wp\/v2\/posts"}],"about":[{"href":"https:\/\/junjan.org\/wordpress\/wp-json\/wp\/v2\/types\/post"}],"author":[{"embeddable":true,"href":"https:\/\/junjan.org\/wordpress\/wp-json\/wp\/v2\/users\/1"}],"replies":[{"embeddable":true,"href":"https:\/\/junjan.org\/wordpress\/wp-json\/wp\/v2\/comments?post=541"}],"version-history":[{"count":1,"href":"https:\/\/junjan.org\/wordpress\/wp-json\/wp\/v2\/posts\/541\/revisions"}],"predecessor-version":[{"id":2665,"href":"https:\/\/junjan.org\/wordpress\/wp-json\/wp\/v2\/posts\/541\/revisions\/2665"}],"wp:attachment":[{"href":"https:\/\/junjan.org\/wordpress\/wp-json\/wp\/v2\/media?parent=541"}],"wp:term":[{"taxonomy":"category","embeddable":true,"href":"https:\/\/junjan.org\/wordpress\/wp-json\/wp\/v2\/categories?post=541"},{"taxonomy":"post_tag","embeddable":true,"href":"https:\/\/junjan.org\/wordpress\/wp-json\/wp\/v2\/tags?post=541"}],"curies":[{"name":"wp","href":"https:\/\/api.w.org\/{rel}","templated":true}]}}