{"id":545,"date":"2005-06-25T12:39:37","date_gmt":"2005-06-25T12:39:37","guid":{"rendered":"http:\/\/junjan.org\/wordpress\/?p=545"},"modified":"2005-06-25T12:39:37","modified_gmt":"2005-06-25T12:39:37","slug":"ciencia_europea_en_peligro","status":"publish","type":"post","link":"https:\/\/junjan.org\/wordpress\/2005\/06\/ciencia_europea_en_peligro\/","title":{"rendered":"Ciencia europea en peligro"},"content":{"rendered":"<p>Con la creciente entrop\u00eda que ataca sin piedad a las instituciones europeas y la parada en las conversaciones para llegar a un acuerdo de presupuesto europeo, algunos colectivos especialmente sensibles a bajadas presupuestarias est\u00e1n empezando a hacer oir su opini\u00f3n.<br \/>\nLos cient\u00edficos europeos estamos pidiendo que no se olviden las promesas de aumentar el presupuesto cient\u00edfico que ya se hab\u00edan firmado en el \u00abacuerdo de Lisboa\u00bb:http:\/\/europa.eu.int\/growthandjobs\/pdf\/COM2005_024_en.pdf (PDF), reducci\u00f3n que afectar\u00eda a la creaci\u00f3n del Consejo de Investigaci\u00f3n Europea (European Research Council), instituci\u00f3n donde se tienen depositadas grandes esperanzas para aumentar y coordinar la investigaci\u00f3n cient\u00edfica en Europa.<br \/>\nPor ello la Organizaci\u00f3n Europea de Biolog\u00eda Molecular ([\u00abEMBO\u00bb:http:\/\/www.embo.org\/]), el Forum Europeo de Ciencias de la Vida ([\u00abELSF\u00bb:http:\/\/www.elsf.org\/]) y la Iniciativa para la Ciencia en Europa ([\u00abISE\u00bb:http:\/\/www.initiative-science-europe.org\/]) han organizado una petici\u00f3n online para que las promesas de aumentar el presupuesto cient\u00edfico no se olviden.<br \/>\nVer [\u00abIncrease EC funcing for Research\u00bb:http:\/\/www.embo.org\/petition\/petition.php].<br \/>\nAdem\u00e1s se est\u00e1n mandando \u00abcartas a los repectivos ministerios de ciencia y tecnolog\u00eda\u00bb:http:\/\/ultr23.vub.ac.be\/petition\/ para hacerles saber nuestro descontento <em>(perp\u00e9tuo).<\/em> Versi\u00f3n en espa\u00f1ol (traducida por [\u00abJuan Valcarcel\u00bb:http:\/\/www.crg.es\/proyectos.asp?WebIdioma=Angles&#038;ingid=22]):<br \/>\n<strong>Carta Abierta a la Ministra de Educaci\u00f3n y Ciencia<\/strong><\/p>\n<blockquote><p>\nD\u00f1a. M\u00aa Jes\u00fas San Segundo G\u00f3mez de Cadi\u00f1anos<br \/>\nMinistra de Educaci\u00f3n y Ciencia<br \/>\nAlcal\u00e1, 34 &#8211; Madrid<br \/>\nEstimada Sra. San Segundo,<br \/>\nLe escribo para enfatizar la importancia vital que tiene la creaci\u00f3n del European Research Council (ERC) dentro del Programa Marco VII (FP7 2007-2013).<br \/>\nCirculan noticias de que el Consejo de Ministros de la Uni\u00f3n no apoyar\u00e1 en su pr\u00f3xima reuni\u00f3n del 11 de Julio en Cardiff la propuesta para que el presupuesto de investigaci\u00f3n del FP7 duplique el presupuesto del FP6.<br \/>\nInvestigadores de toda Europa temen que si el presupuesto no aumenta lo suficiente, la creaci\u00f3n del European Research Council sea desestimada dentro del FP7. Ello ser\u00eda una cat\u00e1strofe para la investigaci\u00f3n y la competitividad Europeas.<br \/>\nIndependientemente del presupuesto final del FP7, le ruego que apoye la creaci\u00f3n de una agencia Europea independiente que financie investigaci\u00f3n b\u00e1sica de calidad sobre la base de propuestas competitivas procedentes de cualquiera de los pa\u00edses de la Uni\u00f3n.<br \/>\nObviamente esta nueva agencia debe contar con los fondos necesarios (1-1.5 mil millones de Euros) para que tenga el impacto deseado sobre la investigaci\u00f3n y la econom\u00eda.<br \/>\nSi no se crea el European Research Council ahora, cuando existe el impulso para hacerlo, es posible que no llegue a crearse nunca. Ello ser\u00eda lamentable y constituir\u00eda la p\u00e9rdida de una oportunidad \u00fanica para Europa.<br \/>\nSinceramente,\n<\/p><\/blockquote>\n<p>Ver tambi\u00e9n los art\u00edculos en ELSO Gazette:<br \/>\n&#8211; \u00abGetting the message through to Brussels &#8211; pass it on!\u00bb:http:\/\/www.the-elso-gazette.org\/magazines\/issue18\/editorial\/editorial2.asp<br \/>\n&#8211; \u00abCommission proposes to raise budget for research by 60% before 2013\u00bb:http:\/\/www.the-elso-gazette.org\/magazines\/issue18\/news\/news7.asp<br \/>\n&#8211; \u00abThe EC Framework Programme &#8211; time for a radical rethink\u00bb:http:\/\/www.the-elso-gazette.org\/magazines\/issue18\/features\/features1.asp con su llamamiento:<\/p>\n<blockquote><p>European scientists need research money and research careers, not European networks and bureaucracy \u2013 let\u2019s do something about it!<\/p><\/blockquote>\n","protected":false},"excerpt":{"rendered":"<p>Con la creciente entrop\u00eda que ataca sin piedad a las instituciones europeas y la parada en las conversaciones para llegar a un acuerdo de presupuesto europeo, algunos colectivos especialmente sensibles a bajadas presupuestarias est\u00e1n empezando a hacer oir su opini\u00f3n. Los cient\u00edficos europeos estamos pidiendo que no se olviden las promesas de aumentar el presupuesto&hellip;&nbsp;<a href=\"https:\/\/junjan.org\/wordpress\/2005\/06\/ciencia_europea_en_peligro\/\" rel=\"bookmark\">Leer m\u00e1s &raquo;<span class=\"screen-reader-text\">Ciencia europea en peligro<\/span><\/a><\/p>\n","protected":false},"author":1,"featured_media":0,"comment_status":"open","ping_status":"open","sticky":false,"template":"","format":"standard","meta":{"neve_meta_sidebar":"","neve_meta_container":"","neve_meta_enable_content_width":"","neve_meta_content_width":0,"neve_meta_title_alignment":"","neve_meta_author_avatar":"","neve_post_elements_order":"","neve_meta_disable_header":"","neve_meta_disable_footer":"","neve_meta_disable_title":"","footnotes":""},"categories":[5],"tags":[],"class_list":["post-545","post","type-post","status-publish","format-standard","hentry","category-actualidad"],"_links":{"self":[{"href":"https:\/\/junjan.org\/wordpress\/wp-json\/wp\/v2\/posts\/545","targetHints":{"allow":["GET"]}}],"collection":[{"href":"https:\/\/junjan.org\/wordpress\/wp-json\/wp\/v2\/posts"}],"about":[{"href":"https:\/\/junjan.org\/wordpress\/wp-json\/wp\/v2\/types\/post"}],"author":[{"embeddable":true,"href":"https:\/\/junjan.org\/wordpress\/wp-json\/wp\/v2\/users\/1"}],"replies":[{"embeddable":true,"href":"https:\/\/junjan.org\/wordpress\/wp-json\/wp\/v2\/comments?post=545"}],"version-history":[{"count":0,"href":"https:\/\/junjan.org\/wordpress\/wp-json\/wp\/v2\/posts\/545\/revisions"}],"wp:attachment":[{"href":"https:\/\/junjan.org\/wordpress\/wp-json\/wp\/v2\/media?parent=545"}],"wp:term":[{"taxonomy":"category","embeddable":true,"href":"https:\/\/junjan.org\/wordpress\/wp-json\/wp\/v2\/categories?post=545"},{"taxonomy":"post_tag","embeddable":true,"href":"https:\/\/junjan.org\/wordpress\/wp-json\/wp\/v2\/tags?post=545"}],"curies":[{"name":"wp","href":"https:\/\/api.w.org\/{rel}","templated":true}]}}