{"id":547,"date":"2005-06-28T23:44:53","date_gmt":"2005-06-28T23:44:53","guid":{"rendered":"http:\/\/junjan.org\/wordpress\/?p=547"},"modified":"2005-06-28T23:44:53","modified_gmt":"2005-06-28T23:44:53","slug":"provincianismo","status":"publish","type":"post","link":"https:\/\/junjan.org\/wordpress\/2005\/06\/provincianismo\/","title":{"rendered":"Provincianismo"},"content":{"rendered":"<p>Dice el diccionario que el provincianismo es <em>la estrechez de esp\u00edritu y apego excesivo a la mentalidad o costumbres particulares de una provincia o sociedad cualquiera, con exclusi\u00f3n de las dem\u00e1s.<\/em><br \/>\nLa educaci\u00f3n, la cultura, los viajes, las vivencias nos hacen evolucionar desde un estado localista y provinciano a otro cosmopolita y m\u00e1s universal. Pasamos de un estado mental donde <em>\u00abel chorizo de mi pueblo es el mejor del mundo (a pesar de ser el \u00fanico que hemos probado)\u00bb<\/em> a otro donde la realidad de la vida te ense\u00f1a que hay muchos tipos de chorizo y que algunos te gustan m\u00e1s que otros. Simple aprendizaje.<br \/>\nLa cultura nacionalista tiende a inhibir este proceso de aprendizaje. Postulaba no hace tanto que el nacionalismo conduce inevitablemente al racismo, pero adem\u00e1s conduce al provincianismo m\u00e1s vergonzante. Ejemplos que me han ocurrido recientemente. Una persona en Madrid  que se negaba a ir Barcelona de visita porque se hab\u00eda prometido no viajar a Catalu\u00f1a hasta que \u00abellos\u00bb se portaran bien. Otra persona en un pueblo de la Costa Brava que afirmaba no haber ido nunca a Madrid, porque en Madrid no hab\u00eda nada interesante.<br \/>\nDistintas caras de la misma moneda. Cuanto m\u00e1s nacionalista es la cultura, m\u00e1s provinciana se vuelve.<\/p>\n","protected":false},"excerpt":{"rendered":"<p>Dice el diccionario que el provincianismo es la estrechez de esp\u00edritu y apego excesivo a la mentalidad o costumbres particulares de una provincia o sociedad cualquiera, con exclusi\u00f3n de las dem\u00e1s. La educaci\u00f3n, la cultura, los viajes, las vivencias nos hacen evolucionar desde un estado localista y provinciano a otro cosmopolita y m\u00e1s universal. Pasamos&hellip;&nbsp;<a href=\"https:\/\/junjan.org\/wordpress\/2005\/06\/provincianismo\/\" rel=\"bookmark\">Leer m\u00e1s &raquo;<span class=\"screen-reader-text\">Provincianismo<\/span><\/a><\/p>\n","protected":false},"author":1,"featured_media":0,"comment_status":"open","ping_status":"open","sticky":false,"template":"","format":"standard","meta":{"neve_meta_sidebar":"","neve_meta_container":"","neve_meta_enable_content_width":"","neve_meta_content_width":0,"neve_meta_title_alignment":"","neve_meta_author_avatar":"","neve_post_elements_order":"","neve_meta_disable_header":"","neve_meta_disable_footer":"","neve_meta_disable_title":"","footnotes":""},"categories":[9],"tags":[78],"class_list":["post-547","post","type-post","status-publish","format-standard","hentry","category-opinion","tag-nacionalismo"],"_links":{"self":[{"href":"https:\/\/junjan.org\/wordpress\/wp-json\/wp\/v2\/posts\/547","targetHints":{"allow":["GET"]}}],"collection":[{"href":"https:\/\/junjan.org\/wordpress\/wp-json\/wp\/v2\/posts"}],"about":[{"href":"https:\/\/junjan.org\/wordpress\/wp-json\/wp\/v2\/types\/post"}],"author":[{"embeddable":true,"href":"https:\/\/junjan.org\/wordpress\/wp-json\/wp\/v2\/users\/1"}],"replies":[{"embeddable":true,"href":"https:\/\/junjan.org\/wordpress\/wp-json\/wp\/v2\/comments?post=547"}],"version-history":[{"count":0,"href":"https:\/\/junjan.org\/wordpress\/wp-json\/wp\/v2\/posts\/547\/revisions"}],"wp:attachment":[{"href":"https:\/\/junjan.org\/wordpress\/wp-json\/wp\/v2\/media?parent=547"}],"wp:term":[{"taxonomy":"category","embeddable":true,"href":"https:\/\/junjan.org\/wordpress\/wp-json\/wp\/v2\/categories?post=547"},{"taxonomy":"post_tag","embeddable":true,"href":"https:\/\/junjan.org\/wordpress\/wp-json\/wp\/v2\/tags?post=547"}],"curies":[{"name":"wp","href":"https:\/\/api.w.org\/{rel}","templated":true}]}}