{"id":551,"date":"2005-07-02T17:35:28","date_gmt":"2005-07-02T17:35:28","guid":{"rendered":"http:\/\/junjan.org\/wordpress\/?p=551"},"modified":"2013-02-14T01:19:36","modified_gmt":"2013-02-14T00:19:36","slug":"rompamos_el_silencio","status":"publish","type":"post","link":"https:\/\/junjan.org\/wordpress\/2005\/07\/rompamos_el_silencio\/","title":{"rendered":"Rompamos el silencio"},"content":{"rendered":"<p>Para los que vivan en Madrid. Del 5 al 10 de Julio, <a href=\"http:\/\/rompamoselsilencio.net\/\" target=\"_blank\">Rompamos el Silencio<\/a>, semana de lucha social.<\/p>\n<blockquote><p>Los colectivos organizadores de las jornadas \u201cRompamos el Silencio\u201d tienen el gusto de invitarle a la rueda de prensa que se celebrar\u00e1 el lunes 4 de julio a las 11 horas en el centro de medios, situado en la calle Marqu\u00e9s de Legan\u00e9s, 12 (metros Callao y Santo Domingo). Durante la misma, una representante de los colectivos organizadores presentar\u00e1n una nueva edici\u00f3n de las jornadas \u201cRompamos el Silencio\u201d, que retoman el esp\u00edritu de las que, bajo el mismo nombre, se realizaron en Madrid en los a\u00f1os 1998 y 1999.<br \/>\nComo en las anteriores ediciones, las jornadas suponen un intento coordinado, democr\u00e1tico y plural de romper con los silencios medi\u00e1ticos (y por ende, el abandono de los problemas y de sus posibles soluciones) sobre las m\u00faltiples impactos que los modelos pol\u00edtico y econ\u00f3mico vigente generan sobre l@s habitantes de ciudades como Madrid: los problemas de la vivienda y la especulaci\u00f3n inmobiliaria, la econom\u00eda en la globalizaci\u00f3n, y sus efectos sobre la exclusi\u00f3n social, la marginaci\u00f3n y la precariedad, son algunos de los ejes centrales de esta nueva convocatoria.<br \/>\nPor este motivo, numerosos colectivos y personas ligadas a movimientos sociales llevar\u00e1n a cabo a lo largo de la semana del 5 al 9 de julio una serie de acciones de desobediencia civil no violenta, en algunos de los espacios m\u00e1s significativos que ayuden a visibilizar estas exclusiones. Una semana de lucha social frente al silencio pol\u00edtico y medi\u00e1tico, por una ciudad m\u00e1s habitable, m\u00e1s justa y m\u00e1s consciente.<br \/>\nSiendo el principal objetivo de las jornadas el sacar a la luz p\u00fablica esta realidad oculta, se ha organizado un centro de medios para que el flujo de informaci\u00f3n con la prensa sea r\u00e1pido, eficiente y directo.<br \/>\nEn la rueda de prensa se entregar\u00e1 a todos los asistentes un dossier informativo sobre las jornadas y se explicar\u00e1 la manera en la que se podr\u00e1 seguir las acciones de la semana y contactar con el centro de medios.<br \/>\nEsperamos su asistencia.<\/p><\/blockquote>\n<p>Escucha la cu\u00f1a (mp3):\u00a0<a href=\"http:\/\/junjan.org\/wordpress\/wp-content\/uploads\/2005\/07\/rompamos_el_silencio.mp3\">Rompamos_el_silencio<\/a>.<\/p>\n","protected":false},"excerpt":{"rendered":"<p>Para los que vivan en Madrid. Del 5 al 10 de Julio, Rompamos el Silencio, semana de lucha social. Los colectivos organizadores de las jornadas \u201cRompamos el Silencio\u201d tienen el gusto de invitarle a la rueda de prensa que se celebrar\u00e1 el lunes 4 de julio a las 11 horas en el centro de medios,&hellip;&nbsp;<a href=\"https:\/\/junjan.org\/wordpress\/2005\/07\/rompamos_el_silencio\/\" rel=\"bookmark\">Leer m\u00e1s &raquo;<span class=\"screen-reader-text\">Rompamos el silencio<\/span><\/a><\/p>\n","protected":false},"author":1,"featured_media":0,"comment_status":"open","ping_status":"open","sticky":false,"template":"","format":"standard","meta":{"neve_meta_sidebar":"","neve_meta_container":"","neve_meta_enable_content_width":"","neve_meta_content_width":0,"neve_meta_title_alignment":"","neve_meta_author_avatar":"","neve_post_elements_order":"","neve_meta_disable_header":"","neve_meta_disable_footer":"","neve_meta_disable_title":"","footnotes":""},"categories":[5],"tags":[927,708,928],"class_list":["post-551","post","type-post","status-publish","format-standard","hentry","category-actualidad","tag-lucha-social","tag-censura","tag-silencio"],"_links":{"self":[{"href":"https:\/\/junjan.org\/wordpress\/wp-json\/wp\/v2\/posts\/551","targetHints":{"allow":["GET"]}}],"collection":[{"href":"https:\/\/junjan.org\/wordpress\/wp-json\/wp\/v2\/posts"}],"about":[{"href":"https:\/\/junjan.org\/wordpress\/wp-json\/wp\/v2\/types\/post"}],"author":[{"embeddable":true,"href":"https:\/\/junjan.org\/wordpress\/wp-json\/wp\/v2\/users\/1"}],"replies":[{"embeddable":true,"href":"https:\/\/junjan.org\/wordpress\/wp-json\/wp\/v2\/comments?post=551"}],"version-history":[{"count":2,"href":"https:\/\/junjan.org\/wordpress\/wp-json\/wp\/v2\/posts\/551\/revisions"}],"predecessor-version":[{"id":2293,"href":"https:\/\/junjan.org\/wordpress\/wp-json\/wp\/v2\/posts\/551\/revisions\/2293"}],"wp:attachment":[{"href":"https:\/\/junjan.org\/wordpress\/wp-json\/wp\/v2\/media?parent=551"}],"wp:term":[{"taxonomy":"category","embeddable":true,"href":"https:\/\/junjan.org\/wordpress\/wp-json\/wp\/v2\/categories?post=551"},{"taxonomy":"post_tag","embeddable":true,"href":"https:\/\/junjan.org\/wordpress\/wp-json\/wp\/v2\/tags?post=551"}],"curies":[{"name":"wp","href":"https:\/\/api.w.org\/{rel}","templated":true}]}}