{"id":553,"date":"2005-07-03T19:51:24","date_gmt":"2005-07-03T19:51:24","guid":{"rendered":"http:\/\/junjan.org\/wordpress\/?p=553"},"modified":"2005-07-03T19:51:24","modified_gmt":"2005-07-03T19:51:24","slug":"para_qu_ha_servido_live8","status":"publish","type":"post","link":"https:\/\/junjan.org\/wordpress\/2005\/07\/para_qu_ha_servido_live8\/","title":{"rendered":"\u00bfPara qu\u00e9 ha servido Live8?"},"content":{"rendered":"<p>Tras los multitudinarios conciertos de la campa\u00f1a Live8, la pregunta obvia es: \u00bfha servido para algo? Tengo opiniones ambivalentes al respecto.<br \/>\nPor un lado creo que no, que no ha servido para nada, que s\u00f3lo han sido unos conciertos donde muchos artistas se han dado un ba\u00f1o de multitudes y han quedado muy bien con sus propias conciencias. Que aunque trataban de ayudar a Africa han tenido muy poco respeto por ella, con un solo artista africano relegado a comparsa, con muchas estad\u00edsticas y muchas peticiones pero ning\u00fan hecho por parte de personas que tienen una nada desde\u00f1able influencia, dinero y poder medi\u00e1tico.<br \/>\nPor otro lado pienso que aunque el problema tenga que salir en las noticias gracias a que Geldof ha convencido a U2 para que cante una canci\u00f3n de los Beatles con Paul McCartney, pues menos da una piedra. Los m\u00fasicos hacen m\u00fasica y si con ello consiguen publicidad para un problema tan grave, bienvenido sea.<br \/>\nBuscando en la \u00abBBC\u00bb:http:\/\/news.bbc.co.uk\/1\/hi\/talking_point\/4642169.stm encuentro dos declaraciones de personas que asistieron a los conciertos que ilustran perfectamente el sentimiento agridulce, me permito ponerlos:<\/p>\n<blockquote><p>I am very disappointed with the lack of coverage given by the BBC to the African artists playing for Live 8 at the Eden Project. It is most unfortunate that while on the one hand the theme is \u00abhelping Africa\u00bb the BBC, Bob Geldof and the concert organisers consistently fail to portray the positives of Africa, including ignoring the contribution that Africans can, should and are making to the Make Poverty History campaign. As an African, I find it deeply offensive that no Africans were included at Hyde Park (Youssu N&#8217;Dour shared the stage briefly with Dido) because it tells me&#8230; even those who say they want to help Africa, actually have very little respect for us as Africans.<br \/>\nYvonne Aki-Sawyerr<\/p><\/blockquote>\n<blockquote><p>Of course concerts don&#8217;t directly solve poverty. People don&#8217;t either but governments can and they have to respond if enough people show they are behind a cause. And don&#8217;t go on about the musicians &#8211; they are doing what they do best but doing it for the cause. How many of you would be thinking about poverty if it wasn&#8217;t for this gig?<br \/>\nDavid, Milton Keynes UK<\/p><\/blockquote>\n<p>Veremos si tiene alguna repercusi\u00f3n sobre los jefes de gobierno del G8.<\/p>\n","protected":false},"excerpt":{"rendered":"<p>Tras los multitudinarios conciertos de la campa\u00f1a Live8, la pregunta obvia es: \u00bfha servido para algo? Tengo opiniones ambivalentes al respecto. Por un lado creo que no, que no ha servido para nada, que s\u00f3lo han sido unos conciertos donde muchos artistas se han dado un ba\u00f1o de multitudes y han quedado muy bien con&hellip;&nbsp;<a href=\"https:\/\/junjan.org\/wordpress\/2005\/07\/para_qu_ha_servido_live8\/\" rel=\"bookmark\">Leer m\u00e1s &raquo;<span class=\"screen-reader-text\">\u00bfPara qu\u00e9 ha servido Live8?<\/span><\/a><\/p>\n","protected":false},"author":1,"featured_media":0,"comment_status":"open","ping_status":"open","sticky":false,"template":"","format":"standard","meta":{"neve_meta_sidebar":"","neve_meta_container":"","neve_meta_enable_content_width":"","neve_meta_content_width":0,"neve_meta_title_alignment":"","neve_meta_author_avatar":"","neve_post_elements_order":"","neve_meta_disable_header":"","neve_meta_disable_footer":"","neve_meta_disable_title":"","footnotes":""},"categories":[9],"tags":[80],"class_list":["post-553","post","type-post","status-publish","format-standard","hentry","category-opinion","tag-live8-fiasco"],"_links":{"self":[{"href":"https:\/\/junjan.org\/wordpress\/wp-json\/wp\/v2\/posts\/553","targetHints":{"allow":["GET"]}}],"collection":[{"href":"https:\/\/junjan.org\/wordpress\/wp-json\/wp\/v2\/posts"}],"about":[{"href":"https:\/\/junjan.org\/wordpress\/wp-json\/wp\/v2\/types\/post"}],"author":[{"embeddable":true,"href":"https:\/\/junjan.org\/wordpress\/wp-json\/wp\/v2\/users\/1"}],"replies":[{"embeddable":true,"href":"https:\/\/junjan.org\/wordpress\/wp-json\/wp\/v2\/comments?post=553"}],"version-history":[{"count":0,"href":"https:\/\/junjan.org\/wordpress\/wp-json\/wp\/v2\/posts\/553\/revisions"}],"wp:attachment":[{"href":"https:\/\/junjan.org\/wordpress\/wp-json\/wp\/v2\/media?parent=553"}],"wp:term":[{"taxonomy":"category","embeddable":true,"href":"https:\/\/junjan.org\/wordpress\/wp-json\/wp\/v2\/categories?post=553"},{"taxonomy":"post_tag","embeddable":true,"href":"https:\/\/junjan.org\/wordpress\/wp-json\/wp\/v2\/tags?post=553"}],"curies":[{"name":"wp","href":"https:\/\/api.w.org\/{rel}","templated":true}]}}