{"id":554,"date":"2005-07-04T01:26:49","date_gmt":"2005-07-04T01:26:49","guid":{"rendered":"http:\/\/junjan.org\/wordpress\/?p=554"},"modified":"2005-07-04T01:26:49","modified_gmt":"2005-07-04T01:26:49","slug":"callejn_sin_salida","status":"publish","type":"post","link":"https:\/\/junjan.org\/wordpress\/2005\/07\/callejn_sin_salida\/","title":{"rendered":"Callej\u00f3n sin salida"},"content":{"rendered":"<p>Magn\u00edfico [\u00abHiginio Polo\u00bb:http:\/\/www.lainsignia.org\/2005\/julio\/int_002.htm], \u00abLa Uni\u00f3n Europea, en el callej\u00f3n (sin salida) neoliberal\u00bb.<\/p>\n<blockquote><p>El ej\u00e9rcito de comentaristas que en estas semanas alecciona a los ciudadanos desde los medios de comunicaci\u00f3n insiste ahora en una lectura equivocada de las consecuencias del rechazo franc\u00e9s y holand\u00e9s a la Constituci\u00f3n y del fracaso de la cumbre de Bruselas. Tony Blair, el socialdem\u00f3crata convertido en ariete neoliberal, afirma que hacen falta \u00abdirigentes que conecten con los ciudadanos\u00bb, en un desvergonzado ejercicio de equilibrista que oculta que \u00e9l mismo desoy\u00f3 la un\u00e1nime opini\u00f3n de los brit\u00e1nicos que se opon\u00edan a la guerra e invasi\u00f3n de Irak, por ejemplo. Como ha ignorado hasta ahora los justificados temores de los ciudadanos brit\u00e1nicos ante la degradaci\u00f3n de sus condiciones de vida. Por su parte, Chirac y Schr\u00f6der, intentan resistir la acometida de Blair dici\u00e9ndonos las verdades del porquero: que el primer ministro brit\u00e1nico apenas desea algo m\u00e1s que un gran mercado europeo, lejos de las propuestas unificadoras que han sido alimentados en los \u00faltimos a\u00f1os desde Par\u00eds o Berl\u00edn.<br \/>\nPero todos los protagonistas de la disputa procuraban ignorar la evidencia que recorre Europa: el desencanto, la frustraci\u00f3n, el rechazo por los ciudadanos a la deriva neoliberal de la Uni\u00f3n Europea, tanto en la versi\u00f3n m\u00e1s moderada de Chirac y Schr\u00f6der como en la m\u00e1s descarnada de Tony Blair. Esa realidad ya se puso de manifiesto cuando Blair exigi\u00f3 a sus socios europeos, y obtuvo, la reducci\u00f3n de derechos sociales contemplados en el texto del Tratado. Sin embargo, la desfachatez de Blair ha llegado tan lejos que ha utilizado precisamente las consecuencias de la pol\u00edtica neoliberal impulsada hasta ahora en Europa (hay m\u00e1s de veinte millones de parados en la Uni\u00f3n) para reclamar \u00a1m\u00e1s medidas neoliberales! Esa flagrante contradicci\u00f3n no arredra a un curtido pol\u00edtico experto en mentir con soltura ante las c\u00e1maras de televisi\u00f3n. El demag\u00f3gico recurso de Blair a la necesidad de mayores inversiones en investigaci\u00f3n y desarrollo, en nuevas tecnolog\u00edas, es apenas el velo con que pretende ocultar su apuesta por una Europa mercantil, con sindicatos cautivos, con condiciones de trabajo precarias, con facilidades para las empresas y grilletes para los trabajadores. No es una frase ret\u00f3rica: el mismo Blair, que tras el refer\u00e9ndum franc\u00e9s y holand\u00e9s ha paralizado el debate sobre el Tratado constitucional sin contar con la opini\u00f3n de sus colegas europeos, est\u00e1 siendo ayudado en ese empe\u00f1o por los reclamos neoliberales de los sectores m\u00e1s conservadores de Europa: desde The Times y la Liga Norte italiana, que especulan con la desaparici\u00f3n del euro, hasta los que llegan de c\u00edrculos empresariales que reclaman un gran mercado y una dura regresi\u00f3n de los derechos sociales y de los salarios de los trabajadores europeos para, supuestamente, \u00abhacer frente a la globalizaci\u00f3n\u00bb. No es ninguna casualidad que Blair haya sido elogiado por su propia oposici\u00f3n, el Partido Conservador brit\u00e1nico, heredera del monetarismo y de la mano dura de Margaret Tatcher. <\/p><\/blockquote>\n","protected":false},"excerpt":{"rendered":"<p>Magn\u00edfico [\u00abHiginio Polo\u00bb:http:\/\/www.lainsignia.org\/2005\/julio\/int_002.htm], \u00abLa Uni\u00f3n Europea, en el callej\u00f3n (sin salida) neoliberal\u00bb. El ej\u00e9rcito de comentaristas que en estas semanas alecciona a los ciudadanos desde los medios de comunicaci\u00f3n insiste ahora en una lectura equivocada de las consecuencias del rechazo franc\u00e9s y holand\u00e9s a la Constituci\u00f3n y del fracaso de la cumbre de Bruselas. Tony&hellip;&nbsp;<a href=\"https:\/\/junjan.org\/wordpress\/2005\/07\/callejn_sin_salida\/\" rel=\"bookmark\">Leer m\u00e1s &raquo;<span class=\"screen-reader-text\">Callej\u00f3n sin salida<\/span><\/a><\/p>\n","protected":false},"author":1,"featured_media":0,"comment_status":"open","ping_status":"open","sticky":false,"template":"","format":"standard","meta":{"neve_meta_sidebar":"","neve_meta_container":"","neve_meta_enable_content_width":"","neve_meta_content_width":0,"neve_meta_title_alignment":"","neve_meta_author_avatar":"","neve_post_elements_order":"","neve_meta_disable_header":"","neve_meta_disable_footer":"","neve_meta_disable_title":"","footnotes":""},"categories":[81],"tags":[],"class_list":["post-554","post","type-post","status-publish","format-standard","hentry","category-revista-de-prensa"],"_links":{"self":[{"href":"https:\/\/junjan.org\/wordpress\/wp-json\/wp\/v2\/posts\/554","targetHints":{"allow":["GET"]}}],"collection":[{"href":"https:\/\/junjan.org\/wordpress\/wp-json\/wp\/v2\/posts"}],"about":[{"href":"https:\/\/junjan.org\/wordpress\/wp-json\/wp\/v2\/types\/post"}],"author":[{"embeddable":true,"href":"https:\/\/junjan.org\/wordpress\/wp-json\/wp\/v2\/users\/1"}],"replies":[{"embeddable":true,"href":"https:\/\/junjan.org\/wordpress\/wp-json\/wp\/v2\/comments?post=554"}],"version-history":[{"count":0,"href":"https:\/\/junjan.org\/wordpress\/wp-json\/wp\/v2\/posts\/554\/revisions"}],"wp:attachment":[{"href":"https:\/\/junjan.org\/wordpress\/wp-json\/wp\/v2\/media?parent=554"}],"wp:term":[{"taxonomy":"category","embeddable":true,"href":"https:\/\/junjan.org\/wordpress\/wp-json\/wp\/v2\/categories?post=554"},{"taxonomy":"post_tag","embeddable":true,"href":"https:\/\/junjan.org\/wordpress\/wp-json\/wp\/v2\/tags?post=554"}],"curies":[{"name":"wp","href":"https:\/\/api.w.org\/{rel}","templated":true}]}}