{"id":556,"date":"2005-07-05T00:41:00","date_gmt":"2005-07-05T00:41:00","guid":{"rendered":"http:\/\/junjan.org\/wordpress\/?p=556"},"modified":"2020-01-07T22:34:18","modified_gmt":"2020-01-07T21:34:18","slug":"alucinaciones_veraniegas","status":"publish","type":"post","link":"https:\/\/junjan.org\/wordpress\/2005\/07\/alucinaciones_veraniegas\/","title":{"rendered":"Alucinaciones veraniegas"},"content":{"rendered":"<blockquote><p>Esta fundaci\u00f3n desarrolla siempre ideas de libertad. Libertad pol\u00edtica, libertad econ\u00f3mica, libertad individual. Libertad en Espa\u00f1a, en Europa y en el mundo. Ideas moderadas, reformistas y liberales que nutren e impulsan un proyecto pol\u00edtico concreto de centro reformista que demostr\u00f3 que se puede gobernar durante ocho a\u00f1os ampliando el espacio de oportunidades y de libertad personal, sin lesionar los derechos ni los espacios de desenvolvimiento de la oposici\u00f3n parlamentaria, y sin poner a unos espa\u00f1oles en la tesitura de tener que renunciar a sus convicciones so pena de ser tildados de antidem\u00f3cratas.<\/p><\/blockquote>\n<p>Jose Mar\u00eda Aznar en la Inauguraci\u00f3n del Campus FAES 2005, y al parecer en estado de alucinaci\u00f3n perpetua.<\/p>\n<blockquote><p>El Campus FAES es un encuentro de estudio y an\u00e1lisis en torno a las ideas m\u00e1s importantes que hoy se debaten en Espa\u00f1a. Prestigiosos acad\u00e9micos, pol\u00edticos y analistas, mediante conferencias y mesas redondas, dar\u00e1n a conocer sus puntos de vista sobre cuestiones fundamentales para nuestro futuro.<\/p><\/blockquote>\n<p>Ejem. Ver <a href=\"https:\/\/docplayer.es\/92539340-Faes-fundacion-para-el-analisis-y-los-estudios-sociales.html\">programa<\/a>(p\u00e1gina 68)<\/p>\n","protected":false},"excerpt":{"rendered":"<p>Esta fundaci\u00f3n desarrolla siempre ideas de libertad. Libertad pol\u00edtica, libertad econ\u00f3mica, libertad individual. Libertad en Espa\u00f1a, en Europa y en el mundo. Ideas moderadas, reformistas y liberales que nutren e impulsan un proyecto pol\u00edtico concreto de centro reformista que demostr\u00f3 que se puede gobernar durante ocho a\u00f1os ampliando el espacio de oportunidades y de libertad&hellip;&nbsp;<a href=\"https:\/\/junjan.org\/wordpress\/2005\/07\/alucinaciones_veraniegas\/\" rel=\"bookmark\">Leer m\u00e1s &raquo;<span class=\"screen-reader-text\">Alucinaciones veraniegas<\/span><\/a><\/p>\n","protected":false},"author":1,"featured_media":0,"comment_status":"open","ping_status":"open","sticky":false,"template":"","format":"standard","meta":{"neve_meta_sidebar":"","neve_meta_container":"","neve_meta_enable_content_width":"","neve_meta_content_width":0,"neve_meta_title_alignment":"","neve_meta_author_avatar":"","neve_post_elements_order":"","neve_meta_disable_header":"","neve_meta_disable_footer":"","neve_meta_disable_title":"","footnotes":""},"categories":[5],"tags":[],"class_list":["post-556","post","type-post","status-publish","format-standard","hentry","category-actualidad"],"_links":{"self":[{"href":"https:\/\/junjan.org\/wordpress\/wp-json\/wp\/v2\/posts\/556","targetHints":{"allow":["GET"]}}],"collection":[{"href":"https:\/\/junjan.org\/wordpress\/wp-json\/wp\/v2\/posts"}],"about":[{"href":"https:\/\/junjan.org\/wordpress\/wp-json\/wp\/v2\/types\/post"}],"author":[{"embeddable":true,"href":"https:\/\/junjan.org\/wordpress\/wp-json\/wp\/v2\/users\/1"}],"replies":[{"embeddable":true,"href":"https:\/\/junjan.org\/wordpress\/wp-json\/wp\/v2\/comments?post=556"}],"version-history":[{"count":1,"href":"https:\/\/junjan.org\/wordpress\/wp-json\/wp\/v2\/posts\/556\/revisions"}],"predecessor-version":[{"id":2558,"href":"https:\/\/junjan.org\/wordpress\/wp-json\/wp\/v2\/posts\/556\/revisions\/2558"}],"wp:attachment":[{"href":"https:\/\/junjan.org\/wordpress\/wp-json\/wp\/v2\/media?parent=556"}],"wp:term":[{"taxonomy":"category","embeddable":true,"href":"https:\/\/junjan.org\/wordpress\/wp-json\/wp\/v2\/categories?post=556"},{"taxonomy":"post_tag","embeddable":true,"href":"https:\/\/junjan.org\/wordpress\/wp-json\/wp\/v2\/tags?post=556"}],"curies":[{"name":"wp","href":"https:\/\/api.w.org\/{rel}","templated":true}]}}