{"id":56,"date":"2004-03-27T19:27:11","date_gmt":"2004-03-27T19:27:11","guid":{"rendered":"http:\/\/junjan.org\/wordpress\/?p=56"},"modified":"2022-08-26T19:22:46","modified_gmt":"2022-08-26T17:22:46","slug":"fuera_de_la_realidad","status":"publish","type":"post","link":"https:\/\/junjan.org\/wordpress\/2004\/03\/fuera_de_la_realidad\/","title":{"rendered":"Fuera de la realidad"},"content":{"rendered":"<p>El diario El Pais publica hoy una cronolog\u00eda de los sucesos del 11M y de la posterior sucesi\u00f3n de desprop\u00f3sitos del Gobierno.<br \/>\nAdem\u00e1s publica dos cartas mandadas a El Pa\u00eds y a La Cadena Ser por el portavoz de gobierno en funciones Eduardo Zaplana, y la contestaci\u00f3n del director de El Pa\u00eds Jes\u00fas Cebeiro. Las reproduzco dado su gran inter\u00e9s.<\/p>\n<p><a href=\"http:\/\/junjan.org\/weblog\/documents\/cartas_de_Zaplana.html\">Cartas de Zaplana.<\/a><br \/>\n<a href=\"http:\/\/junjan.org\/weblog\/documents\/carta_de_Ceberio.html\">A proposito de Mentiras, <\/a>por Jes\u00fas Ceberio.<br \/>\n<a href=\"http:\/\/junjan.org\/weblog\/documents\/tres_dias_de_marzo.html\">Tres d\u00edas de Marzo.<\/a><\/p>\n<p>Parece que los miembros del gobierno en funciones siguen subiendo en su escalada sin frenos al mundo de \u201cNunca Jam\u00e1s\u201d.<\/p>\n","protected":false},"excerpt":{"rendered":"<p>El diario El Pais publica hoy una cronolog\u00eda de los sucesos del 11M y de la posterior sucesi\u00f3n de desprop\u00f3sitos del Gobierno. Adem\u00e1s publica dos cartas mandadas a El Pa\u00eds y a La Cadena Ser por el portavoz de gobierno en funciones Eduardo Zaplana, y la contestaci\u00f3n del director de El Pa\u00eds Jes\u00fas Cebeiro. Las&hellip;&nbsp;<a href=\"https:\/\/junjan.org\/wordpress\/2004\/03\/fuera_de_la_realidad\/\" rel=\"bookmark\">Leer m\u00e1s &raquo;<span class=\"screen-reader-text\">Fuera de la realidad<\/span><\/a><\/p>\n","protected":false},"author":1,"featured_media":0,"comment_status":"open","ping_status":"open","sticky":false,"template":"","format":"standard","meta":{"neve_meta_sidebar":"","neve_meta_container":"","neve_meta_enable_content_width":"","neve_meta_content_width":0,"neve_meta_title_alignment":"","neve_meta_author_avatar":"","neve_post_elements_order":"","neve_meta_disable_header":"","neve_meta_disable_footer":"","neve_meta_disable_title":"","footnotes":""},"categories":[5],"tags":[36,530,639],"class_list":["post-56","post","type-post","status-publish","format-standard","hentry","category-actualidad","tag-11m","tag-atentados","tag-madrid"],"_links":{"self":[{"href":"https:\/\/junjan.org\/wordpress\/wp-json\/wp\/v2\/posts\/56","targetHints":{"allow":["GET"]}}],"collection":[{"href":"https:\/\/junjan.org\/wordpress\/wp-json\/wp\/v2\/posts"}],"about":[{"href":"https:\/\/junjan.org\/wordpress\/wp-json\/wp\/v2\/types\/post"}],"author":[{"embeddable":true,"href":"https:\/\/junjan.org\/wordpress\/wp-json\/wp\/v2\/users\/1"}],"replies":[{"embeddable":true,"href":"https:\/\/junjan.org\/wordpress\/wp-json\/wp\/v2\/comments?post=56"}],"version-history":[{"count":1,"href":"https:\/\/junjan.org\/wordpress\/wp-json\/wp\/v2\/posts\/56\/revisions"}],"predecessor-version":[{"id":2810,"href":"https:\/\/junjan.org\/wordpress\/wp-json\/wp\/v2\/posts\/56\/revisions\/2810"}],"wp:attachment":[{"href":"https:\/\/junjan.org\/wordpress\/wp-json\/wp\/v2\/media?parent=56"}],"wp:term":[{"taxonomy":"category","embeddable":true,"href":"https:\/\/junjan.org\/wordpress\/wp-json\/wp\/v2\/categories?post=56"},{"taxonomy":"post_tag","embeddable":true,"href":"https:\/\/junjan.org\/wordpress\/wp-json\/wp\/v2\/tags?post=56"}],"curies":[{"name":"wp","href":"https:\/\/api.w.org\/{rel}","templated":true}]}}