{"id":562,"date":"2005-07-08T13:08:34","date_gmt":"2005-07-08T11:08:34","guid":{"rendered":"http:\/\/junjan.org\/wordpress\/?p=562"},"modified":"2011-06-03T20:09:46","modified_gmt":"2011-06-03T18:09:46","slug":"crnica_del_da_despus","status":"publish","type":"post","link":"https:\/\/junjan.org\/wordpress\/2005\/07\/crnica_del_da_despus\/","title":{"rendered":"Cr\u00f3nica del d\u00eda despu\u00e9s"},"content":{"rendered":"<p>Reacciones y an\u00e1lisis a los atentados de Londres. Como siempre se evidencia las distintas y antag\u00f3nicas maneras de ver el mundo.<br \/>\nLos que pensamos que el terrorismo existe porque tiene unas causas, y que sus causas pueden ser solucionadas a largo plazo si los que ayudaron a provocarlas se dan cuenta de ello y rectifican.<br \/>\nLos que piensan que el terrorimso es \u00abel Mal\u00bb, sin\u00a0ninguna\u00a0conexi\u00f3n, y que hay que destruir al Mal, exterminarlo a corto plazo, y que luego desaparecer\u00e1 sin dejar rastro.<br \/>\nPasen y lean.<br \/>\nIgnacio Ramonet en \u00ab<a href=\"http:\/\/www.elperiodico.com\/default.asp?idpublicacio_PK=5&amp;idioma=CAS&amp;idnoticia_PK=225648&amp;idseccio_PK=5&amp;h=050708\" target=\"_blank\">El Peri\u00f3dico<\/a>\u00ab:<\/p>\n<blockquote><p>\u00abLos atentados de Londres son doblemente criminales, primero por las v\u00edctimas inocentes que han causado, y segundo porque impiden, de momento, reflexionar serenamente sobre las grandes injusticias creadas por la globalizaci\u00f3n liberal. Injusticias que, en definitiva, nutren el terrorismo en el mundo. Y tema que, por una vez, estaba al orden del d\u00eda de la cumbre del G-8. En efecto, el programa de trabajo ten\u00eda dos principales puntos: la ayuda al desarrollo, en particular para \u00c1frica; y el cambio clim\u00e1tico.\u00bb<\/p><\/blockquote>\n<p>Gilad Atzmon traducido en \u00ab<a href=\"http:\/\/www.rebelion.org\/noticia.php?id=17524\" target=\"_blank\">Rebelion<\/a>\u00ab:<\/p>\n<blockquote><p>Nos guste o no, debemos admitir que el Terror es un mensaje y m\u00e1s nos valdr\u00e1 aprender a escucharlo con atenci\u00f3n:<br \/>\nEn primer lugar, nos dice que somos tan vulnerables como cualquiera.<br \/>\nEn segundo, nos dice que deber\u00edamos dejar que los dem\u00e1s vivan de acuerdo con sus valores y sus creencias.<br \/>\nEn tercero, nos dice que nunca m\u00e1s deber\u00edamos darle nuestros votos a criminales de guerra.<br \/>\nPero, m\u00e1s que nada, nos dice que tenemos una obligaci\u00f3n moral. Debemos detener a nuestros gobiernos. Es nuestro deber levantarnos y exigir la dimisi\u00f3n de Blair, que es el responsable de la muerte de tantos iraqu\u00edes y, posiblemente, ahora de muchos brit\u00e1nicos inocentes. Debemos recordar que el hecho de votar a un pol\u00edtico carente de \u00e9tica nos convierte a todos en c\u00f3mplices de una empresa criminal.<br \/>\nSabemos ya que, tanto en Estados Unidos como en Israel, las consecuencias del terror hicieron que la mayor\u00eda apoyase con entusiasmo a la derecha. Tengo la esperanza de que el pueblo brit\u00e1nico imite la reacci\u00f3n del pueblo espa\u00f1ol. Los belicistas y los agresores deben ser expulsados de nuestro clima pol\u00edtico. S\u00f3lo entonces prevalecer\u00e1 la paz.<\/p><\/blockquote>\n<p>\u00ab<a href=\"http:\/\/www.elpais.es\/articulo.html?d_date=20050708&amp;xref=20050708elpepiopi_1&amp;type=Tes&amp;anchor=elpporopi\" target=\"_blank\">El Pais<\/a>\u00ab:<\/p>\n<blockquote><p>\u00abLas bombas de Londres han de recordar a todos que nuestras sociedades tienen un enemigo a muerte, fan\u00e1tico pero sofisticado e implacable, para el que nuestra desgracia y miedo es el mayor triunfo. Es un enemigo difuso, dif\u00edcil de identificar y localizar, pero que ya sabemos (especialmente a ra\u00edz de las pesquisas policiales en Espa\u00f1a) que tambi\u00e9n est\u00e1 entre nosotros, en el seno de las sociedades democr\u00e1ticas y libres. Ahora es el momento de llorar a los muertos, ayudar a los heridos, consolar a las familias y expresar toda la solidaridad con los ciudadanos de Londres. Pero hay que empezar a tomar conciencia de la envergadura de la amenaza, que lamentablemente lleva a pensar que ser\u00e1 necesario escribir estas frases m\u00e1s veces en el futuro.<br \/>\n(&#8230;)<br \/>\nLos atentados de Londres son un ataque contra la sociedad europea en su conjunto. Las diferencias sobre la Constituci\u00f3n o sobre los presupuestos de la UE son nimiedades al lado del desaf\u00edo que tiene ante s\u00ed la sociedad libre europea. El ataque terrorista sufrido por la capital brit\u00e1nica, justo al empezar el semestre de la presidencia de la UE, merece una en\u00e9rgica respuesta pol\u00edtica de todos los socios europeos.\u00bb<\/p><\/blockquote>\n<p>Thomas Friedamn en \u00ab<a href=\"http:\/\/www.nytimes.com\/2005\/07\/08\/opinion\/08friedman.html?oref=login\" target=\"_blank\">The New York Times<\/a>\u00ab:<\/p>\n<blockquote><p>But maybe the most important aspect of the London bombings is this: When jihadist-style bombings happen in Riyadh, that is a Muslim-Muslim problem. That is a police problem for Saudi Arabia. But when Al-Qaeda-like bombings come to the London Underground, that becomes a civilizational problem. Every Muslim living in a Western society suddenly becomes a suspect, becomes a potential walking bomb. And when that happens, it means Western countries are going to be tempted to crack down even harder on their own Muslim populations.<br \/>\nThat, too, is deeply troubling. The more Western societies &#8211; particularly the big European societies, which have much larger Muslim populations than America &#8211; look on their own Muslims with suspicion, the more internal tensions this creates, and the more alienated their already alienated Muslim youth become. This is exactly what Osama bin Laden dreamed of with 9\/11: to create a great gulf between the Muslim world and the globalizing West.<br \/>\nSo this is a critical moment. We must do all we can to limit the civilizational fallout from this bombing. But this is not going to be easy. Why? Because unlike after 9\/11, there is no obvious, easy target to retaliate against for bombings like those in London. There are no obvious terrorist headquarters and training camps in Afghanistan that we can hit with cruise missiles. The Al Qaeda threat has metastasized and become franchised. It is no longer vertical, something that we can punch in the face. It is now horizontal, flat and widely distributed, operating through the Internet and tiny cells.<\/p><\/blockquote>\n<p>Mart\u00edn Ferrando en \u00ab<a href=\"http:\/\/www.abc.es\/opinion\/index.asp?ff=20050708&amp;idn=203651497892\" target=\"_blank\">ABC<\/a>\u00ab:<\/p>\n<blockquote><p>Ya podemos hablar, tambi\u00e9n con dolor, del 7-J londinense. El terrorismo sacudi\u00f3 ayer la capital del Reino Unido en el preciso momento en que sus vecinos paladeaban el gozo de su victoria al conseguir, para 2012, la sede de los Juegos Ol\u00edmpicos. Golpearon en el mismo instante en que la cumbre del G-8 estaba reunida en Gleneagles para buscarle nuevos remedios al hambre universal. Como de costumbre, los cobardes autores del crimen indiscriminado supieron escoger un momento oportuno para a\u00f1adirle drama al horror y no es casual ni accesoria la circunstancia del alboroto antiglobalizaci\u00f3n que hab\u00eda concentrado en Escocia a los profesionales  &#8211;\u00bfqui\u00e9n les financia?&#8211; de esa contumaz expresi\u00f3n del desorden. Porque el desorden es la guarnici\u00f3n necesaria con la que se sirve el funesto plato terrorista.<\/p><\/blockquote>\n<p>Federico Jim\u00e9nez Losantos en \u00ab<a href=\"http:\/\/www.libertaddigital.com\/opiniones\/opi_desa_26013.html\" target=\"_blank\">Libertad Digital<\/a>\u00ab:<\/p>\n<blockquote><p>El problema no est\u00e1 en las trincheras de Irak, aunque tambi\u00e9n est\u00e1 all\u00ed, del mismo modo que el problema de la Guerra de Vietnam no estaba en Hanoi sino en Washington. Los pa\u00edses occidentales tienen fuerza militar de sobra para aplastar y, si llega el caso, exterminar a cualquiera que amenace su supervivencia. Pero la amenaza principal est\u00e1 dentro de la propia civilizaci\u00f3n occidental, en los que, desde la comodidad de sus poltronas universitarias, period\u00edsticas o pol\u00edticas promueven el derrotismo y culpan al sistema pol\u00edtico en que las v\u00edctimas viv\u00edan libres de la criminal actuaci\u00f3n de quienes los asesinan vali\u00e9ndose de esa libertad con la evidente y n\u00edtida intenci\u00f3n de aniquilar nuestro sistema democr\u00e1tico-liberal e imponernos una teocracia islamista que nos devuelva a la condici\u00f3n de esclavos gemebundos, de sumisos siervos medievales de los intemporales ayatol\u00e1s.<br \/>\nPero si Inglaterra encontr\u00f3 un Churchill para salir de un Chamberlain, Espa\u00f1a tambi\u00e9n encontr\u00f3 un Zapatero para salir de un Aznar. Claro que Espa\u00f1a padece un Polanco y un PSOE, mientras Gran Breta\u00f1a tiene un Murdoch y un Partido Laborista. Pero la opini\u00f3n p\u00fablica occidental es similar y  f\u00e1cilmente maleable, tanto m\u00e1s cuanto m\u00e1s acostumbrada est\u00e9 a la democracia y a que sus representantes pol\u00edticos obedezcan sus \u00f3rdenes, su voluntad de resistencia y tambi\u00e9n su p\u00e1nico. En ese sentido, el eslab\u00f3n m\u00e1s d\u00e9bil es y seguir\u00e1 siendo la opini\u00f3n p\u00fablica de la naci\u00f3n m\u00e1s poderosa del mundo, la norteamericana, aunque de momento la palma de la ignominia se la disputen la Izquierda espa\u00f1ola y la Derecha francesa. El problema es esencialmente de valores, de lo que podr\u00edamos llamar la autoestima de la civilizaci\u00f3n occidental y la voluntad de jugarse la vida para defenderse. No de perder la vida, atenci\u00f3n, sino de hac\u00e9rsela perder al que la amenaza a\u00fan a riesgo de perder la nuestra, que, de todas formas, en riesgo est\u00e1. Y m\u00e1s que lo estar\u00e1 si no luchamos. Pero el totalitarismo moderno tiene dos caras: la del verdugo con turbante y la del comisario progre, pol\u00edticamente correcto, que culpa a Occidente de lo mismo que absuelve a sus enemigos. El Madrid de Zapatero fue el Munich de Chamberlain. El Par\u00eds de Chirac sigue siendo el Par\u00eds de P\u00e9tain. Pero Noam Chomsky o Michael Moore ser\u00edan perfectos embajadores de la Alianza de Civilizaciones.<\/p><\/blockquote>\n","protected":false},"excerpt":{"rendered":"<p>Reacciones y an\u00e1lisis a los atentados de Londres. Como siempre se evidencia las distintas y antag\u00f3nicas maneras de ver el mundo. Los que pensamos que el terrorismo existe porque tiene unas causas, y que sus causas pueden ser solucionadas a largo plazo si los que ayudaron a provocarlas se dan cuenta de ello y rectifican.&hellip;&nbsp;<a href=\"https:\/\/junjan.org\/wordpress\/2005\/07\/crnica_del_da_despus\/\" rel=\"bookmark\">Leer m\u00e1s &raquo;<span class=\"screen-reader-text\">Cr\u00f3nica del d\u00eda despu\u00e9s<\/span><\/a><\/p>\n","protected":false},"author":1,"featured_media":0,"comment_status":"open","ping_status":"open","sticky":false,"template":"","format":"standard","meta":{"neve_meta_sidebar":"","neve_meta_container":"","neve_meta_enable_content_width":"","neve_meta_content_width":0,"neve_meta_title_alignment":"","neve_meta_author_avatar":"","neve_post_elements_order":"","neve_meta_disable_header":"","neve_meta_disable_footer":"","neve_meta_disable_title":"","footnotes":""},"categories":[81],"tags":[741,530,529],"class_list":["post-562","post","type-post","status-publish","format-standard","hentry","category-revista-de-prensa","tag-7j","tag-atentados","tag-londres"],"_links":{"self":[{"href":"https:\/\/junjan.org\/wordpress\/wp-json\/wp\/v2\/posts\/562","targetHints":{"allow":["GET"]}}],"collection":[{"href":"https:\/\/junjan.org\/wordpress\/wp-json\/wp\/v2\/posts"}],"about":[{"href":"https:\/\/junjan.org\/wordpress\/wp-json\/wp\/v2\/types\/post"}],"author":[{"embeddable":true,"href":"https:\/\/junjan.org\/wordpress\/wp-json\/wp\/v2\/users\/1"}],"replies":[{"embeddable":true,"href":"https:\/\/junjan.org\/wordpress\/wp-json\/wp\/v2\/comments?post=562"}],"version-history":[{"count":3,"href":"https:\/\/junjan.org\/wordpress\/wp-json\/wp\/v2\/posts\/562\/revisions"}],"predecessor-version":[{"id":1431,"href":"https:\/\/junjan.org\/wordpress\/wp-json\/wp\/v2\/posts\/562\/revisions\/1431"}],"wp:attachment":[{"href":"https:\/\/junjan.org\/wordpress\/wp-json\/wp\/v2\/media?parent=562"}],"wp:term":[{"taxonomy":"category","embeddable":true,"href":"https:\/\/junjan.org\/wordpress\/wp-json\/wp\/v2\/categories?post=562"},{"taxonomy":"post_tag","embeddable":true,"href":"https:\/\/junjan.org\/wordpress\/wp-json\/wp\/v2\/tags?post=562"}],"curies":[{"name":"wp","href":"https:\/\/api.w.org\/{rel}","templated":true}]}}