{"id":565,"date":"2005-07-09T19:57:06","date_gmt":"2005-07-09T19:57:06","guid":{"rendered":"http:\/\/junjan.org\/wordpress\/?p=565"},"modified":"2005-07-09T19:57:06","modified_gmt":"2005-07-09T19:57:06","slug":"la_lgica_conservadora","status":"publish","type":"post","link":"https:\/\/junjan.org\/wordpress\/2005\/07\/la_lgica_conservadora\/","title":{"rendered":"La l\u00f3gica conservadora"},"content":{"rendered":"<p>\u00ab[\u00abGuerra eterna en oriente medio\u00bb:http:\/\/www.guerraeterna.com\/archives\/2005\/07\/londres_viernes.html]\u00bb nos apunta la muy interesante \u00abEditorial de ABC\u00bb:http:\/\/abc.es\/abc\/pg050708\/prensa\/noticias\/Opinion\/Editoriales\/200507\/08\/NAC-OPI-012.asp de hoy.<br \/>\nVeamos la editorial y sigamos la l\u00f3gica del asunto.<br \/>\n<strong>Si<\/strong><\/p>\n<blockquote><p>\nUn nuevo totalitarismo presiona a las democracias europeas, y no lo hace en sus fronteras exteriores, con divisiones e infanter\u00eda, sino desde dentro, en el seno de sus propias sociedades. No es menos grave ni distinta la intenci\u00f3n de esta yihad terrorista que la que ten\u00edan el nazismo y el estalinismo, aunque sus procedimientos sean diversos. Lo que debe cambiar de una vez para siempre es Europa y su actitud ante las amenazas a su seguridad.\n<\/p><\/blockquote>\n<p><strong>y<\/strong><\/p>\n<blockquote><p>\nTarde o temprano (mejor esto \u00faltimo) la Europa democr\u00e1tica tendr\u00e1 que perder la inocencia y asumir que hay quien quiere destruirla y que no basta con preguntarse qui\u00e9n es capaz de atacar a unas democracias pac\u00edficas y ejemplares, cuando lo que importa es que est\u00e1n siendo atacadas desde su interior.\n<\/p><\/blockquote>\n<p><strong>Entonces<\/strong><\/p>\n<blockquote><p>\nLa correcci\u00f3n pol\u00edtica no debe seguir condicionando los debates sobre la pol\u00edtica de inmigraci\u00f3n (\u00bfqu\u00e9 opinar\u00e1n los europeos cuando sepan que en Espa\u00f1a ha podido legalizarse la situaci\u00f3n de inmigrantes gracias a la presentaci\u00f3n de \u00f3rdenes de expulsi\u00f3n?) y sobre la asimilaci\u00f3n cultural y pol\u00edtica de las comunidades extranjeras, sobre todo las musulmanas. El garantismo legal debe adecuarse a la gravedad de la amenaza terrorista, que no es una delincuencia com\u00fan, sin que este planteamiento exija el sacrificio de todo principio \u00e9tico y jur\u00eddico en la persecuci\u00f3n de los terroristas.\n<\/p><\/blockquote>\n<p>\u00bfEst\u00e1 claro?<\/p>\n","protected":false},"excerpt":{"rendered":"<p>\u00ab[\u00abGuerra eterna en oriente medio\u00bb:http:\/\/www.guerraeterna.com\/archives\/2005\/07\/londres_viernes.html]\u00bb nos apunta la muy interesante \u00abEditorial de ABC\u00bb:http:\/\/abc.es\/abc\/pg050708\/prensa\/noticias\/Opinion\/Editoriales\/200507\/08\/NAC-OPI-012.asp de hoy. Veamos la editorial y sigamos la l\u00f3gica del asunto. Si Un nuevo totalitarismo presiona a las democracias europeas, y no lo hace en sus fronteras exteriores, con divisiones e infanter\u00eda, sino desde dentro, en el seno de sus propias sociedades.&hellip;&nbsp;<a href=\"https:\/\/junjan.org\/wordpress\/2005\/07\/la_lgica_conservadora\/\" rel=\"bookmark\">Leer m\u00e1s &raquo;<span class=\"screen-reader-text\">La l\u00f3gica conservadora<\/span><\/a><\/p>\n","protected":false},"author":1,"featured_media":0,"comment_status":"open","ping_status":"open","sticky":false,"template":"","format":"standard","meta":{"neve_meta_sidebar":"","neve_meta_container":"","neve_meta_enable_content_width":"","neve_meta_content_width":0,"neve_meta_title_alignment":"","neve_meta_author_avatar":"","neve_post_elements_order":"","neve_meta_disable_header":"","neve_meta_disable_footer":"","neve_meta_disable_title":"","footnotes":""},"categories":[81],"tags":[],"class_list":["post-565","post","type-post","status-publish","format-standard","hentry","category-revista-de-prensa"],"_links":{"self":[{"href":"https:\/\/junjan.org\/wordpress\/wp-json\/wp\/v2\/posts\/565","targetHints":{"allow":["GET"]}}],"collection":[{"href":"https:\/\/junjan.org\/wordpress\/wp-json\/wp\/v2\/posts"}],"about":[{"href":"https:\/\/junjan.org\/wordpress\/wp-json\/wp\/v2\/types\/post"}],"author":[{"embeddable":true,"href":"https:\/\/junjan.org\/wordpress\/wp-json\/wp\/v2\/users\/1"}],"replies":[{"embeddable":true,"href":"https:\/\/junjan.org\/wordpress\/wp-json\/wp\/v2\/comments?post=565"}],"version-history":[{"count":0,"href":"https:\/\/junjan.org\/wordpress\/wp-json\/wp\/v2\/posts\/565\/revisions"}],"wp:attachment":[{"href":"https:\/\/junjan.org\/wordpress\/wp-json\/wp\/v2\/media?parent=565"}],"wp:term":[{"taxonomy":"category","embeddable":true,"href":"https:\/\/junjan.org\/wordpress\/wp-json\/wp\/v2\/categories?post=565"},{"taxonomy":"post_tag","embeddable":true,"href":"https:\/\/junjan.org\/wordpress\/wp-json\/wp\/v2\/tags?post=565"}],"curies":[{"name":"wp","href":"https:\/\/api.w.org\/{rel}","templated":true}]}}