{"id":566,"date":"2005-07-09T22:20:01","date_gmt":"2005-07-09T22:20:01","guid":{"rendered":"http:\/\/junjan.org\/wordpress\/?p=566"},"modified":"2005-07-09T22:20:01","modified_gmt":"2005-07-09T22:20:01","slug":"contra_el_caldo_de_cultivo","status":"publish","type":"post","link":"https:\/\/junjan.org\/wordpress\/2005\/07\/contra_el_caldo_de_cultivo\/","title":{"rendered":"Contra el caldo de cultivo"},"content":{"rendered":"<p>\u00abAl Qaeda y la lucha antiterrorista\u00bb:http:\/\/www.elpais.es\/articulo.html?xref=20050709elpepiopi_11&#038;type=Tes&#038;anchor=elpporopi&#038;d_date=&#038;t=Qaeda__lucha_antiterrorista_ por Gema Mart\u00edn Mu\u00f1oz<\/p>\n<blockquote><p>El terrorismo de factura Al Qaeda es demasiado indefinido, desjerarquizado y desestructurado como para afrontarlo s\u00f3lo como si de una organizacion compacta y acotada se tratase. Por el contrario, la fuente principal de su potencial y peligros\u00edsimo poder reside en el sufrimiento y experiencia de injusticia que de manera intensiva padecen muchos ciudadanos en los pa\u00edses \u00e1rabes e isl\u00e1micos. Busca invertir en ese enorme caldo de cultivo de odio y frustraci\u00f3n para dotarse de bases, reclutamiento y simpat\u00eda social. Por ello exige m\u00e1s que en ning\u00fan otro caso de terrorismo la puesta en pr\u00e1ctica de pol\u00edticas y actuaciones multidimensionales.<br \/>\nLo primero tendr\u00eda que ser lograr la reconciliacion moral y \u00e9tica con el mundo musulman. Dignificar su cultura y su legado historico, homologar sus muertos y sus v\u00edctimas a los nuestros, reconocer nuestra parte de responsabilidad pol\u00edtica en muchos de los conflictos que han padecido, integrar su aportaci\u00f3n human\u00edstica a los valores universales de civilizaci\u00f3n; dejar de bombardear ciudades con la pretendida justificaci\u00f3n de la lucha contra el terrorismo, acabar con las invasiones y ocupaciones militares, impedir el desarrollo de la tortura en vez de consentirla, animarla o aplicarla, poner fin a las alianzas indecentes con gobiernos dictatoriales y torturadores en esa regi\u00f3n.<br \/>\nEs decir, pensar en el ser humano \u00e1rabe y musulm\u00e1n y comenzar a destruir ese sentimiento creciente que perciben de ser los nuevos apestados de la tierra. Hacer esto no significa en absoluto caer en el chantaje de los terroristas (ser\u00eda entonces suponerles una causa justa) sino exactamente acabar con el chantaje que los terroristas hacen y pueden hacer a estas sociedades; eliminar las ra\u00edces del odio y la injusticia de la que se alimentan de manera oportunista los terroristas para defender su supuesta \u00abcausa\u00bb y conseguir aislar y enajenar al mundo del islam con el occidental.<br \/>\nHay que tener en cuenta que hoy d\u00eda existe toda una generacion \u00e1rabe y musulmana marcada por la experiencia acumulativa de la corrupci\u00f3n y la tortura, a trav\u00e9s de vivencias pol\u00edticas sucesivas desde hace casi un siglo, y que esas son dos cuestiones claves que la comunidad internacional tiene que contribuir a eliminar, en vez de consentirlas como ha ocurrido muchas veces, porque son m\u00e1quinas de producir radicalizaci\u00f3n y odio, disponibles para la instrumentalizaci\u00f3n innoble y brutal de los terroristas.<\/p><\/blockquote>\n","protected":false},"excerpt":{"rendered":"<p>\u00abAl Qaeda y la lucha antiterrorista\u00bb:http:\/\/www.elpais.es\/articulo.html?xref=20050709elpepiopi_11&#038;type=Tes&#038;anchor=elpporopi&#038;d_date=&#038;t=Qaeda__lucha_antiterrorista_ por Gema Mart\u00edn Mu\u00f1oz El terrorismo de factura Al Qaeda es demasiado indefinido, desjerarquizado y desestructurado como para afrontarlo s\u00f3lo como si de una organizacion compacta y acotada se tratase. Por el contrario, la fuente principal de su potencial y peligros\u00edsimo poder reside en el sufrimiento y experiencia de&hellip;&nbsp;<a href=\"https:\/\/junjan.org\/wordpress\/2005\/07\/contra_el_caldo_de_cultivo\/\" rel=\"bookmark\">Leer m\u00e1s &raquo;<span class=\"screen-reader-text\">Contra el caldo de cultivo<\/span><\/a><\/p>\n","protected":false},"author":1,"featured_media":0,"comment_status":"open","ping_status":"open","sticky":false,"template":"","format":"standard","meta":{"neve_meta_sidebar":"","neve_meta_container":"","neve_meta_enable_content_width":"","neve_meta_content_width":0,"neve_meta_title_alignment":"","neve_meta_author_avatar":"","neve_post_elements_order":"","neve_meta_disable_header":"","neve_meta_disable_footer":"","neve_meta_disable_title":"","footnotes":""},"categories":[81],"tags":[],"class_list":["post-566","post","type-post","status-publish","format-standard","hentry","category-revista-de-prensa"],"_links":{"self":[{"href":"https:\/\/junjan.org\/wordpress\/wp-json\/wp\/v2\/posts\/566","targetHints":{"allow":["GET"]}}],"collection":[{"href":"https:\/\/junjan.org\/wordpress\/wp-json\/wp\/v2\/posts"}],"about":[{"href":"https:\/\/junjan.org\/wordpress\/wp-json\/wp\/v2\/types\/post"}],"author":[{"embeddable":true,"href":"https:\/\/junjan.org\/wordpress\/wp-json\/wp\/v2\/users\/1"}],"replies":[{"embeddable":true,"href":"https:\/\/junjan.org\/wordpress\/wp-json\/wp\/v2\/comments?post=566"}],"version-history":[{"count":0,"href":"https:\/\/junjan.org\/wordpress\/wp-json\/wp\/v2\/posts\/566\/revisions"}],"wp:attachment":[{"href":"https:\/\/junjan.org\/wordpress\/wp-json\/wp\/v2\/media?parent=566"}],"wp:term":[{"taxonomy":"category","embeddable":true,"href":"https:\/\/junjan.org\/wordpress\/wp-json\/wp\/v2\/categories?post=566"},{"taxonomy":"post_tag","embeddable":true,"href":"https:\/\/junjan.org\/wordpress\/wp-json\/wp\/v2\/tags?post=566"}],"curies":[{"name":"wp","href":"https:\/\/api.w.org\/{rel}","templated":true}]}}