{"id":568,"date":"2005-07-11T19:48:25","date_gmt":"2005-07-11T19:48:25","guid":{"rendered":"http:\/\/junjan.org\/wordpress\/?p=568"},"modified":"2011-06-24T10:56:58","modified_gmt":"2011-06-24T08:56:58","slug":"de_vuelta_al_medioevo","status":"publish","type":"post","link":"https:\/\/junjan.org\/wordpress\/2005\/07\/de_vuelta_al_medioevo\/","title":{"rendered":"De vuelta al medioevo"},"content":{"rendered":"<p>El cardenal Christoph Sch\u00f6nborn, uno de los redactores del \u00faltimo catecismo cat\u00f3lico, ha embarcado a la iglesia de Benito XVI en un proceso de involuci\u00f3n doctrinal. En su art\u00edculo en \u00abNew York Times\u00bb, \u00ab<a href=\"http:\/\/www.nytimes.com\/2005\/07\/07\/opinion\/07schonborn.html\" target=\"_blank\">Finding Design in Nature<\/a>\u00ab, nos avanza la postura de la iglesia en el siglo 21:<\/p>\n<blockquote><p>\u00abA la luz de la raz\u00f3n, el intelecto humano puede discernir clara y r\u00e1pidamente el dise\u00f1o y el prop\u00f3sito en el mundo natural, incluyendo el mundo de los seres vivos.\u00bb<br \/>\n\u00abLa evoluci\u00f3n, en el sentido de un ancestro com\u00fan puede ser cierta, pero en el sentido neo-Darwiniano &#8211; un proceso ni guiado ni planeado de variaciones aleatorias y selecci\u00f3n natural &#8211; no lo es. Cualquier sistema de pensamiento que niega o busca jusfificar las abrumadoras evidencias de dise\u00f1o en la biolog\u00eda, es ideolog\u00eda y no ciencia.<\/p><\/blockquote>\n<p>Como es costumbre en la iglesia acusan exactamente de lo que ellos adolecen, indican tener evidencias desde la nulidad absoluta de pruebas y acusan de falta de espiritu cient\u00edfico desde una posici\u00f3n abrumadoramente dogm\u00e1tica.<br \/>\nEl Cardenal aprovecha adem\u00e1s para meter el palito en el ya de por si revuelto hormiguero del neointegrismo cat\u00f3lico, y sin pedirlo, aconseja adecuar las ense\u00f1anzas en colegios cristianos a sus recomendaciones, pidiendo que la Evoluci\u00f3n sea explicada en los colegios como \u00abuna entre muchas teor\u00edas\u00bb.<br \/>\n\u00bfApoyar\u00e1 explicitamente Benito XVI este tipo de iniciativas medievalistas? Si este fuera el caso, tama\u00f1a declaraci\u00f3n de intenciones nos avanza largos a\u00f1os de diversi\u00f3n.<br \/>\nVer adem\u00e1s:<br \/>\n&#8211; \u00ab<a href=\"http:\/\/www.nytimes.com\/2005\/07\/09\/science\/09cardinal.html\" target=\"_blank\">Leading Cardinal Redefines Church&#8217;s View on Evolution<\/a>\u00ab.\u00a0(New York Times)<\/p>\n","protected":false},"excerpt":{"rendered":"<p>El cardenal Christoph Sch\u00f6nborn, uno de los redactores del \u00faltimo catecismo cat\u00f3lico, ha embarcado a la iglesia de Benito XVI en un proceso de involuci\u00f3n doctrinal. En su art\u00edculo en \u00abNew York Times\u00bb, \u00abFinding Design in Nature\u00ab, nos avanza la postura de la iglesia en el siglo 21: \u00abA la luz de la raz\u00f3n, el&hellip;&nbsp;<a href=\"https:\/\/junjan.org\/wordpress\/2005\/07\/de_vuelta_al_medioevo\/\" rel=\"bookmark\">Leer m\u00e1s &raquo;<span class=\"screen-reader-text\">De vuelta al medioevo<\/span><\/a><\/p>\n","protected":false},"author":1,"featured_media":0,"comment_status":"open","ping_status":"open","sticky":false,"template":"","format":"standard","meta":{"neve_meta_sidebar":"","neve_meta_container":"","neve_meta_enable_content_width":"","neve_meta_content_width":0,"neve_meta_title_alignment":"","neve_meta_author_avatar":"","neve_post_elements_order":"","neve_meta_disable_header":"","neve_meta_disable_footer":"","neve_meta_disable_title":"","footnotes":""},"categories":[5],"tags":[793,214,551,791],"class_list":["post-568","post","type-post","status-publish","format-standard","hentry","category-actualidad","tag-catolicismo","tag-ciencia-2","tag-evolucion","tag-integrismo"],"_links":{"self":[{"href":"https:\/\/junjan.org\/wordpress\/wp-json\/wp\/v2\/posts\/568","targetHints":{"allow":["GET"]}}],"collection":[{"href":"https:\/\/junjan.org\/wordpress\/wp-json\/wp\/v2\/posts"}],"about":[{"href":"https:\/\/junjan.org\/wordpress\/wp-json\/wp\/v2\/types\/post"}],"author":[{"embeddable":true,"href":"https:\/\/junjan.org\/wordpress\/wp-json\/wp\/v2\/users\/1"}],"replies":[{"embeddable":true,"href":"https:\/\/junjan.org\/wordpress\/wp-json\/wp\/v2\/comments?post=568"}],"version-history":[{"count":2,"href":"https:\/\/junjan.org\/wordpress\/wp-json\/wp\/v2\/posts\/568\/revisions"}],"predecessor-version":[{"id":1705,"href":"https:\/\/junjan.org\/wordpress\/wp-json\/wp\/v2\/posts\/568\/revisions\/1705"}],"wp:attachment":[{"href":"https:\/\/junjan.org\/wordpress\/wp-json\/wp\/v2\/media?parent=568"}],"wp:term":[{"taxonomy":"category","embeddable":true,"href":"https:\/\/junjan.org\/wordpress\/wp-json\/wp\/v2\/categories?post=568"},{"taxonomy":"post_tag","embeddable":true,"href":"https:\/\/junjan.org\/wordpress\/wp-json\/wp\/v2\/tags?post=568"}],"curies":[{"name":"wp","href":"https:\/\/api.w.org\/{rel}","templated":true}]}}