{"id":57,"date":"2004-03-28T01:28:58","date_gmt":"2004-03-28T01:28:58","guid":{"rendered":"http:\/\/junjan.org\/wordpress\/?p=57"},"modified":"2020-11-26T23:28:59","modified_gmt":"2020-11-26T22:28:59","slug":"masoquismo","status":"publish","type":"post","link":"https:\/\/junjan.org\/wordpress\/2004\/03\/masoquismo\/","title":{"rendered":"Masoquismo"},"content":{"rendered":"\n<p>Estoy empezando a pensar que soy masoquista.<br>\u00bfA qu\u00e9 viene esto? Confesar\u00e9. Hoy me he vuelto a leer la editorial de <a href=\"http:\/\/www.libertaddigital.es\/\">Esclavitud anal\u00f3gica<\/a>.<br>Leo lo siguiente:<\/p>\n\n\n\n<blockquote class=\"wp-block-ugb-blockquote ugb-blockquote ugb-d7fe01f ugb-blockquote--v3 ugb-blockquote--design-plain ugb-main-block\"><style>.ugb-d7fe01f .ugb-blockquote__quote{width:70px !important;height:70px !important}<\/style><div class=\"ugb-inner-block\"><div class=\"ugb-block-content\"><div class=\"ugb-blockquote__item\"><svg viewbox=\"0 0 50 50\" xmlns=\"http:\/\/www.w3.org\/2000\/svg\" class=\"ugb-blockquote__quote\" width=\"70\" height=\"70\"><path d=\"M19.8 9.3C10.5 11.8 4.6 17 2.1 24.8c2.3-3.6 5.6-5.4 9.9-5.4 3.3 0 6 1.1 8.3 3.3 2.2 2.2 3.4 5 3.4 8.3 0 3.2-1.1 5.8-3.3 8-2.2 2.2-5.1 3.2-8.7 3.2-3.7 0-6.5-1.2-8.6-3.5C1 36.3 0 33.1 0 29 0 18.3 6.5 11.2 19.6 7.9l.2 1.4zm26.4 0C36.9 11.9 31 17 28.5 24.8c2.2-3.6 5.5-5.4 9.8-5.4 3.2 0 6 1.1 8.3 3.2 2.3 2.2 3.4 4.9 3.4 8.3 0 3.1-1.1 5.8-3.3 7.9-2.2 2.2-5.1 3.3-8.6 3.3-3.7 0-6.6-1.1-8.6-3.4-2.1-2.3-3.1-5.5-3.1-9.7 0-10.7 6.6-17.8 19.7-21.1l.1 1.4z\"><\/path><\/svg><div class=\"ugb-blockquote__content\"><p class=\"ugb-blockquote__text\">\u2026 Gonz\u00e1lez ha consumado su venganza contra el adversario al que ningune\u00f3 y que despu\u00e9s le super\u00f3 en todos los terrenos. Y ha conseguido que el mejor gobierno que ha tenido Espa\u00f1a en al menos un siglo abandone el poder a golpe de insultos, infamias e, incluso, agresiones. Para ello, los <strong>escribas y los fariseos de PRISA<\/strong>, los locutores con \u00ednfulas de periodistas, los showman de la inmundicia en directo, el coro de totalitarios metidos a artistas y la tropa de <strong>nost\u00e1lgicos del Gulag<\/strong> que apedrea sedes del PP a la voz de mando de los <strong>admiradores de Castro y de Sadam<\/strong>, todos ellos aliados con los sepultureros de la Constituci\u00f3n y los profesionales de la pancarta, han tenido que emplearse a fondo en los dos \u00faltimos a\u00f1os. A fuerza de repetir incesantemente sus consignas sectarias, sus bulos y sus intoxicaciones, crearon el caldo de cultivo adecuado para que la ira y el dolor por los atentados del 11-M se dirigieran, en lugar de a los terroristas, en contra del partido del Gobierno&#8230;<\/p><\/div><\/div><\/div><\/div><\/blockquote>\n\n\n\n<p>Se dir\u00eda que desde la derrota del PP, <a href=\"http:\/\/www.losgenoveses.net\/Personajes%20Populares\/fedelosantos.html\">Losantos<\/a> ha dejado de tomar tila y est\u00e1 ya a mil revoluciones, sin ambajes, <strong>facha 100%<\/strong>. Lo peor no es que haya tarados mentales que escriban estas idioteces, lo peor es que hay gente que se lo cree.<\/p>\n","protected":false},"excerpt":{"rendered":"<p>Estoy empezando a pensar que soy masoquista.\u00bfA qu\u00e9 viene esto? Confesar\u00e9. Hoy me he vuelto a leer la editorial de Esclavitud anal\u00f3gica.Leo lo siguiente: Se dir\u00eda que desde la derrota del PP, Losantos ha dejado de tomar tila y est\u00e1 ya a mil revoluciones, sin ambajes, facha 100%. Lo peor no es que haya tarados&hellip;&nbsp;<a href=\"https:\/\/junjan.org\/wordpress\/2004\/03\/masoquismo\/\" rel=\"bookmark\">Leer m\u00e1s &raquo;<span class=\"screen-reader-text\">Masoquismo<\/span><\/a><\/p>\n","protected":false},"author":1,"featured_media":0,"comment_status":"closed","ping_status":"open","sticky":false,"template":"","format":"standard","meta":{"neve_meta_sidebar":"","neve_meta_container":"","neve_meta_enable_content_width":"","neve_meta_content_width":0,"neve_meta_title_alignment":"","neve_meta_author_avatar":"","neve_post_elements_order":"","neve_meta_disable_header":"","neve_meta_disable_footer":"","neve_meta_disable_title":"","footnotes":""},"categories":[9],"tags":[774],"class_list":["post-57","post","type-post","status-publish","format-standard","hentry","category-opinion","tag-libertad-didital"],"_links":{"self":[{"href":"https:\/\/junjan.org\/wordpress\/wp-json\/wp\/v2\/posts\/57","targetHints":{"allow":["GET"]}}],"collection":[{"href":"https:\/\/junjan.org\/wordpress\/wp-json\/wp\/v2\/posts"}],"about":[{"href":"https:\/\/junjan.org\/wordpress\/wp-json\/wp\/v2\/types\/post"}],"author":[{"embeddable":true,"href":"https:\/\/junjan.org\/wordpress\/wp-json\/wp\/v2\/users\/1"}],"replies":[{"embeddable":true,"href":"https:\/\/junjan.org\/wordpress\/wp-json\/wp\/v2\/comments?post=57"}],"version-history":[{"count":1,"href":"https:\/\/junjan.org\/wordpress\/wp-json\/wp\/v2\/posts\/57\/revisions"}],"predecessor-version":[{"id":2650,"href":"https:\/\/junjan.org\/wordpress\/wp-json\/wp\/v2\/posts\/57\/revisions\/2650"}],"wp:attachment":[{"href":"https:\/\/junjan.org\/wordpress\/wp-json\/wp\/v2\/media?parent=57"}],"wp:term":[{"taxonomy":"category","embeddable":true,"href":"https:\/\/junjan.org\/wordpress\/wp-json\/wp\/v2\/categories?post=57"},{"taxonomy":"post_tag","embeddable":true,"href":"https:\/\/junjan.org\/wordpress\/wp-json\/wp\/v2\/tags?post=57"}],"curies":[{"name":"wp","href":"https:\/\/api.w.org\/{rel}","templated":true}]}}