{"id":576,"date":"2005-07-19T16:56:21","date_gmt":"2005-07-19T16:56:21","guid":{"rendered":"http:\/\/junjan.org\/wordpress\/?p=576"},"modified":"2005-07-19T16:56:21","modified_gmt":"2005-07-19T16:56:21","slug":"abandonados_y_olvidados","status":"publish","type":"post","link":"https:\/\/junjan.org\/wordpress\/2005\/07\/abandonados_y_olvidados\/","title":{"rendered":"Abandonados y olvidados"},"content":{"rendered":"<p>\u00ab[\u00abLa vieja Castilla calla hasta que levanta su voz\u00bb:http:\/\/www.elmundo.es\/elmundo\/2005\/07\/19\/sociedad\/1121770559.html]\u00bb por Jos\u00e9 Luis G. Lafuente, natural del Alto Tajo. (El Mundo)<\/p>\n<blockquote><p>En cuanto a la rapidez en la llegada de los equipos contra incendios y su adecuaci\u00f3n, la distancia, mejor dicho, la opini\u00f3n objetiva de amigos, me obliga a conceder el beneficio de la duda. Pero \u00bfc\u00f3mo medimos su rapidez y adecuaci\u00f3n? \u00bfC\u00f3mo se establece el n\u00famero de dotaciones y la calidad de \u00e9stas? \u00bfQuiz\u00e1s se haga en funci\u00f3n del n\u00famero de habitantes o del PIB? \u00bfO quiz\u00e1s por el n\u00famero de hect\u00e1reas de arbolado a cubrir y la facilidad de acceso?<br \/>\nLos hechos revelan que estas \u00faltimas por lo menos no son las variables usadas en al planificar las dotaciones contra incendios en esta comarca, a\u00fan a pesar que parecen las m\u00e1s l\u00f3gicas. Adem\u00e1s, y perdonen mi subjetividad apoyada por el n\u00famero de opiniones de mis convecinos al respecto, da la sensaci\u00f3n que ni fueron lo suficientemente r\u00e1pidas ni abundantes.<br \/>\nPero quiz\u00e1s, a\u00fan es m\u00e1s grave la falta de adaptaci\u00f3n a las circunstancias. Ser\u00e1 la burocracia poco entendida por gentes sencillas de pueblos de poco m\u00e1s de 100 habitantes. Quiz\u00e1s la escasa experiencia en fuegos y el superfluo conocimiento del terreno y de los vientos de los naturales de la zona, hacen que su percepci\u00f3n sobre la gravedad del conato sea incorrecta.<br \/>\n\u00bfPero c\u00f3mo es posible que se necesiten m\u00e1s de 24 horas para confirmar su gravedad y movilizar dotaciones en provincias anexas, incluso al Ej\u00e9rcito localizado en Madrid, ciudad que se encuentra tan lejos que necesitas unas 2 horas para llegar al lugar del incendio? \u00a1Mi gente ser\u00e1 incapaz de comprender que para llevar a Guadalajara al Ej\u00e9rcito o cualquier otra dotaci\u00f3n de ayuda, es necesario m\u00e1s tiempo que para movilizarlos a otra parte del mundo!<\/p><\/blockquote>\n","protected":false},"excerpt":{"rendered":"<p>\u00ab[\u00abLa vieja Castilla calla hasta que levanta su voz\u00bb:http:\/\/www.elmundo.es\/elmundo\/2005\/07\/19\/sociedad\/1121770559.html]\u00bb por Jos\u00e9 Luis G. Lafuente, natural del Alto Tajo. (El Mundo) En cuanto a la rapidez en la llegada de los equipos contra incendios y su adecuaci\u00f3n, la distancia, mejor dicho, la opini\u00f3n objetiva de amigos, me obliga a conceder el beneficio de la duda. Pero&hellip;&nbsp;<a href=\"https:\/\/junjan.org\/wordpress\/2005\/07\/abandonados_y_olvidados\/\" rel=\"bookmark\">Leer m\u00e1s &raquo;<span class=\"screen-reader-text\">Abandonados y olvidados<\/span><\/a><\/p>\n","protected":false},"author":1,"featured_media":0,"comment_status":"open","ping_status":"open","sticky":false,"template":"","format":"standard","meta":{"neve_meta_sidebar":"","neve_meta_container":"","neve_meta_enable_content_width":"","neve_meta_content_width":0,"neve_meta_title_alignment":"","neve_meta_author_avatar":"","neve_post_elements_order":"","neve_meta_disable_header":"","neve_meta_disable_footer":"","neve_meta_disable_title":"","footnotes":""},"categories":[5],"tags":[],"class_list":["post-576","post","type-post","status-publish","format-standard","hentry","category-actualidad"],"_links":{"self":[{"href":"https:\/\/junjan.org\/wordpress\/wp-json\/wp\/v2\/posts\/576","targetHints":{"allow":["GET"]}}],"collection":[{"href":"https:\/\/junjan.org\/wordpress\/wp-json\/wp\/v2\/posts"}],"about":[{"href":"https:\/\/junjan.org\/wordpress\/wp-json\/wp\/v2\/types\/post"}],"author":[{"embeddable":true,"href":"https:\/\/junjan.org\/wordpress\/wp-json\/wp\/v2\/users\/1"}],"replies":[{"embeddable":true,"href":"https:\/\/junjan.org\/wordpress\/wp-json\/wp\/v2\/comments?post=576"}],"version-history":[{"count":0,"href":"https:\/\/junjan.org\/wordpress\/wp-json\/wp\/v2\/posts\/576\/revisions"}],"wp:attachment":[{"href":"https:\/\/junjan.org\/wordpress\/wp-json\/wp\/v2\/media?parent=576"}],"wp:term":[{"taxonomy":"category","embeddable":true,"href":"https:\/\/junjan.org\/wordpress\/wp-json\/wp\/v2\/categories?post=576"},{"taxonomy":"post_tag","embeddable":true,"href":"https:\/\/junjan.org\/wordpress\/wp-json\/wp\/v2\/tags?post=576"}],"curies":[{"name":"wp","href":"https:\/\/api.w.org\/{rel}","templated":true}]}}