{"id":58,"date":"2004-03-30T17:00:13","date_gmt":"2004-03-30T17:00:13","guid":{"rendered":"http:\/\/junjan.org\/wordpress\/?p=58"},"modified":"2020-11-26T23:33:40","modified_gmt":"2020-11-26T22:33:40","slug":"agudeza_visual","status":"publish","type":"post","link":"https:\/\/junjan.org\/wordpress\/2004\/03\/agudeza_visual\/","title":{"rendered":"Agudeza visual"},"content":{"rendered":"\n<p>Vamos a hacer un ejercicio de agudeza \u00abvisual\u00bb. A continuaci\u00f3n voy a poner dos frases. Una vez le\u00eddas, deb\u00e9is descubrir cual de ellas se escribi\u00f3 durante el siglo XXI y cual fue escrita justo tras la guerra civil.<\/p>\n\n\n\n<blockquote class=\"wp-block-ugb-blockquote ugb-blockquote ugb-a91c4f3 ugb-blockquote--v3 ugb-blockquote--design-plain ugb-main-block\"><style>.ugb-a91c4f3 .ugb-blockquote__quote{width:70px !important;height:70px !important}<\/style><div class=\"ugb-inner-block\"><div class=\"ugb-block-content\"><div class=\"ugb-blockquote__item\"><svg viewbox=\"0 0 50 50\" xmlns=\"http:\/\/www.w3.org\/2000\/svg\" class=\"ugb-blockquote__quote\" width=\"70\" height=\"70\"><path d=\"M19.8 9.3C10.5 11.8 4.6 17 2.1 24.8c2.3-3.6 5.6-5.4 9.9-5.4 3.3 0 6 1.1 8.3 3.3 2.2 2.2 3.4 5 3.4 8.3 0 3.2-1.1 5.8-3.3 8-2.2 2.2-5.1 3.2-8.7 3.2-3.7 0-6.5-1.2-8.6-3.5C1 36.3 0 33.1 0 29 0 18.3 6.5 11.2 19.6 7.9l.2 1.4zm26.4 0C36.9 11.9 31 17 28.5 24.8c2.2-3.6 5.5-5.4 9.8-5.4 3.2 0 6 1.1 8.3 3.2 2.3 2.2 3.4 4.9 3.4 8.3 0 3.1-1.1 5.8-3.3 7.9-2.2 2.2-5.1 3.3-8.6 3.3-3.7 0-6.6-1.1-8.6-3.4-2.1-2.3-3.1-5.5-3.1-9.7 0-10.7 6.6-17.8 19.7-21.1l.1 1.4z\"><\/path><\/svg><div class=\"ugb-blockquote__content\"><p class=\"ugb-blockquote__text\"><strong>1.<\/strong> A la Derecha la une, por encima de todo, junto a valores cl\u00e1sicos como la familia, la propiedad, la religi\u00f3n y la libertad individual, la idea de Espa\u00f1a. A la izquierda esos valores les repugnan y esa idea les estorba para conseguir su prop\u00f3sito, que es instalarse en el Poder por tiempo indefinido y en el dominio social por tiempo ilimitado.<\/p><\/div><\/div><\/div><\/div><\/blockquote>\n\n\n\n<blockquote class=\"wp-block-ugb-blockquote ugb-blockquote ugb-e29b44a ugb-blockquote--v3 ugb-blockquote--design-plain ugb-main-block\"><style>.ugb-e29b44a .ugb-blockquote__quote{width:70px !important;height:70px !important}<\/style><div class=\"ugb-inner-block\"><div class=\"ugb-block-content\"><div class=\"ugb-blockquote__item\"><svg viewbox=\"0 0 50 50\" xmlns=\"http:\/\/www.w3.org\/2000\/svg\" class=\"ugb-blockquote__quote\" width=\"70\" height=\"70\"><path d=\"M19.8 9.3C10.5 11.8 4.6 17 2.1 24.8c2.3-3.6 5.6-5.4 9.9-5.4 3.3 0 6 1.1 8.3 3.3 2.2 2.2 3.4 5 3.4 8.3 0 3.2-1.1 5.8-3.3 8-2.2 2.2-5.1 3.2-8.7 3.2-3.7 0-6.5-1.2-8.6-3.5C1 36.3 0 33.1 0 29 0 18.3 6.5 11.2 19.6 7.9l.2 1.4zm26.4 0C36.9 11.9 31 17 28.5 24.8c2.2-3.6 5.5-5.4 9.8-5.4 3.2 0 6 1.1 8.3 3.2 2.3 2.2 3.4 4.9 3.4 8.3 0 3.1-1.1 5.8-3.3 7.9-2.2 2.2-5.1 3.3-8.6 3.3-3.7 0-6.6-1.1-8.6-3.4-2.1-2.3-3.1-5.5-3.1-9.7 0-10.7 6.6-17.8 19.7-21.1l.1 1.4z\"><\/path><\/svg><div class=\"ugb-blockquote__content\"><p class=\"ugb-blockquote__text\"><strong>2.<\/strong> Fue la derecha la que estableci\u00f3, con la Restauraci\u00f3n, el sistema de convivencia en libertad m\u00e1s duradero de los siglos XIX y XX, el cual permiti\u00f3 terminar con d\u00e9cadas de convulsiones y estancamiento; y fueron las izquierdas las que dinamitaron, a veces literalmente, aquel r\u00e9gimen, impidiendo su desarrollo normal\u2026 &#8230;En conjunto, la derecha ha probado ser fundamentalmente moderada y tolerante, y todo lo contrario la izquierda, aunque las agresivas descalificaciones y aparatosos rasgados de vestiduras de \u00e9sta hayan hecho creer lo contrario a muchos. Pero entre la moderaci\u00f3n y la claudicaci\u00f3n hay a menudo un corto paso, aunque las dos cosas sean muy distintas. Las claudicaciones derechistas han contribuido a nuestras pasadas convulsiones no menos que los mesianismos de la izquierda. Los casos m\u00e1s graves fueron la traici\u00f3n a sus propios votantes, en 1931, para entregar el poder a los republicanos. O la esterilizaci\u00f3n de la victoria sobre la revoluci\u00f3n en 1934, facilitando la vuelta al poder de los revolucionarios en 1936.<\/p><\/div><\/div><\/div><\/div><\/blockquote>\n\n\n\n<p>Siento la bromita, pero las dos son actuales\u2026. No pude resistirme.<br><b>1.<\/b> Federico Jim\u00e9nez Losantos, editorial de <a href=\"http:\/\/www.libertaddigital.es\/opiniones\/opi_desa_18007.html\">LibertadDigital<\/a><br><br><b>2.<\/b> P\u00edo Moa <a href=\"http:\/\/www.libertaddigital.com\/opiniones\/opi_desa_17666.html\">\u201cLas virtudes de la derecha\u201d<\/a><\/p>\n","protected":false},"excerpt":{"rendered":"<p>Vamos a hacer un ejercicio de agudeza \u00abvisual\u00bb. A continuaci\u00f3n voy a poner dos frases. Una vez le\u00eddas, deb\u00e9is descubrir cual de ellas se escribi\u00f3 durante el siglo XXI y cual fue escrita justo tras la guerra civil. Siento la bromita, pero las dos son actuales\u2026. No pude resistirme.1. Federico Jim\u00e9nez Losantos, editorial de LibertadDigital&hellip;&nbsp;<a href=\"https:\/\/junjan.org\/wordpress\/2004\/03\/agudeza_visual\/\" rel=\"bookmark\">Leer m\u00e1s &raquo;<span class=\"screen-reader-text\">Agudeza visual<\/span><\/a><\/p>\n","protected":false},"author":1,"featured_media":0,"comment_status":"open","ping_status":"open","sticky":false,"template":"","format":"standard","meta":{"neve_meta_sidebar":"","neve_meta_container":"","neve_meta_enable_content_width":"","neve_meta_content_width":0,"neve_meta_title_alignment":"","neve_meta_author_avatar":"","neve_post_elements_order":"","neve_meta_disable_header":"","neve_meta_disable_footer":"","neve_meta_disable_title":"","footnotes":""},"categories":[24],"tags":[976,981,980],"class_list":["post-58","post","type-post","status-publish","format-standard","hentry","category-humor","tag-guerra-civil-2","tag-jimenez-losantos","tag-pio-moa"],"_links":{"self":[{"href":"https:\/\/junjan.org\/wordpress\/wp-json\/wp\/v2\/posts\/58","targetHints":{"allow":["GET"]}}],"collection":[{"href":"https:\/\/junjan.org\/wordpress\/wp-json\/wp\/v2\/posts"}],"about":[{"href":"https:\/\/junjan.org\/wordpress\/wp-json\/wp\/v2\/types\/post"}],"author":[{"embeddable":true,"href":"https:\/\/junjan.org\/wordpress\/wp-json\/wp\/v2\/users\/1"}],"replies":[{"embeddable":true,"href":"https:\/\/junjan.org\/wordpress\/wp-json\/wp\/v2\/comments?post=58"}],"version-history":[{"count":1,"href":"https:\/\/junjan.org\/wordpress\/wp-json\/wp\/v2\/posts\/58\/revisions"}],"predecessor-version":[{"id":2651,"href":"https:\/\/junjan.org\/wordpress\/wp-json\/wp\/v2\/posts\/58\/revisions\/2651"}],"wp:attachment":[{"href":"https:\/\/junjan.org\/wordpress\/wp-json\/wp\/v2\/media?parent=58"}],"wp:term":[{"taxonomy":"category","embeddable":true,"href":"https:\/\/junjan.org\/wordpress\/wp-json\/wp\/v2\/categories?post=58"},{"taxonomy":"post_tag","embeddable":true,"href":"https:\/\/junjan.org\/wordpress\/wp-json\/wp\/v2\/tags?post=58"}],"curies":[{"name":"wp","href":"https:\/\/api.w.org\/{rel}","templated":true}]}}