{"id":580,"date":"2005-07-24T13:56:18","date_gmt":"2005-07-24T13:56:18","guid":{"rendered":"http:\/\/junjan.org\/wordpress\/?p=580"},"modified":"2005-07-24T13:56:18","modified_gmt":"2005-07-24T13:56:18","slug":"respondamos_con_inteligencia_a","status":"publish","type":"post","link":"https:\/\/junjan.org\/wordpress\/2005\/07\/respondamos_con_inteligencia_a\/","title":{"rendered":"Respondamos con inteligencia al terrorismo"},"content":{"rendered":"<p>[\u00abRespondamos con inteligencia al terrorismo\u00bb:http:\/\/www.elpais.es\/articulo\/elpporopi\/20050723elpepiopi_10\/Tes], <strong>Gaspar Llamazares<\/strong>. ([\u00abEl Pais\u00bb:http:\/\/www.elpais.es\/articulo\/elpporopi\/20050723elpepiopi_10\/Tes])<\/p>\n<blockquote><p>Al terrorismo se le combate con serenidad. Las barbaridades s\u00f3lo deben tener cabida del lado de los asesinos. Los dem\u00f3cratas y quienes deseamos vivir en libertad debemos utilizar las armas que nos da la raz\u00f3n para derrotarles. Para ello, la condici\u00f3n de criminales de los terroristas debe anteponerse a su adscripci\u00f3n religiosa o racial. A Timothy McVeigh nadie le adjetiv\u00f3 de \u00abblanco\u00bb cuando vol\u00f3 el edificio de Oklahoma. Tampoco a\u00f1adimos \u00abjud\u00edos\u00bb a los asesinatos \u00abselectivos\u00bb en Palestina, ni en Srebrenica se habl\u00f3 de genocidas \u00abcristianos\u00bb. Debemos identificar la violencia como lo que es, algo intolerable y a eliminar, dejando a un lado si es creyente o atea.<br \/>\nLa respuesta de los londinenses, como la de los madrile\u00f1os un a\u00f1o antes, ha sido admirable. Unos, con sobriedad y flema brit\u00e1nica. Otros, con generosidad y temperamento. Todos, con el mismo coraje e id\u00e9ntica voluntad de seguir adelante. Los ciudadanos van muchas veces muy por delante de los pol\u00edticos.<br \/>\nPara calentar nuestro ambiente nacional, sostiene Rajoy que \u00abnadie ha acusado a Tony Blair de imprevisi\u00f3n, nadie le ha criticado, nadie le ha exigido que d\u00e9 informaci\u00f3n en tiempo real y la oposici\u00f3n se ha puesto del lado del Gobierno\u00bb y reitera que \u00abno se puede pactar ni dialogar nada\u00bb con los terroristas. Muchas veces es mejor estarse callado. Olvida el l\u00edder del PP que Blair negoci\u00f3 con el IRA; que la oposici\u00f3n conservadora ha pedido una investigaci\u00f3n sobre la previsi\u00f3n del atentado y que, conforme pasan las horas, ya hay cr\u00edticas a la opacidad informativa y a la lenta identificaci\u00f3n de las v\u00edctimas. Es posible que en poco tiempo resurja tambi\u00e9n el debate sobre la guerra ilegal de Irak y su relaci\u00f3n con el terrorismo yihadista.<br \/>\nM\u00e1s de un a\u00f1o despu\u00e9s del 11-M, el PP deber\u00eda haber digerido su derrota y reconocer la verdad. Aznar, Acebes y Zaplana deber\u00edan rectificar sus persistentes insidias sobre la supuesta \u00abautor\u00eda intelectual\u00bb del 11-M, atribuida ora a ETA, ora a los servicios secretos de Marruecos, cuando no a un sector de la polic\u00eda espa\u00f1ola teledirigida por la izquierda pol\u00edtica para derribar al Gobierno. De lo contrario, Rajoy corre el riesgo de aparecer como un reh\u00e9n de la caverna, obediente al dictado del inquilino de la FAES.<br \/>\nEl 7-7 y el 11-M llevan la misma firma. Ambos atentados se enmarcan en la estrategia global de la yihad, con id\u00e9nticos argumentos que los que el terrorismo internacional \u00abtipo Al Qaeda\u00bb aleg\u00f3 para atentar contra las Torres Gemelas, contra un centro de ocio en Bali, una sinagoga en Turqu\u00eda y la Casa de Espa\u00f1a en Casablanca.<br \/>\nEl apoyo a las medidas preventivas que supone la declaraci\u00f3n de &#8216;alerta&#8217; de seguridad adoptada en Espa\u00f1a y en otros pa\u00edses de la UE es una opci\u00f3n prudente desde la izquierda. Sabemos que la sensaci\u00f3n de vulnerabilidad lleva a las personas a posturas regresivas, conservadoras e, incluso, xen\u00f3fobas, cuestionando cualquier tipo de progreso que aumente la incertidumbre. Adem\u00e1s, si persistiera el protagonismo de la violencia, muchas de las reivindicaciones sociales quedar\u00edan eclipsadas \u00bfAlguien sabe qu\u00e9 objetivos alcanzaron y c\u00f3mo influyeron las movilizaciones de los alterglobalizaci\u00f3n frente al G-8 en Gleneagles, tras ser eclipsados por los atentados? \u00bfAlguien puede dudar de que estas acciones yihadistas son regresivas para la evoluci\u00f3n de la justicia social?<br \/>\nNo hablaremos ahora del uso de los atentados para la imposici\u00f3n del derecho represivo, ni vamos a mencionar el desfase presupuestario hacia la seguridad, pero s\u00ed hay que destacar que la desprotecci\u00f3n p\u00fablica embota las mentes y genera una demanda de orden inmoderado. La soluci\u00f3n no est\u00e1 en las guerra preventivas. La comunidad internacional debe acelerar la reconstrucci\u00f3n de un Irak pac\u00edfico e independiente, que acabe con la ocupaci\u00f3n militar y la violencia armada, vivero de una nueva generaci\u00f3n de terroristas. Para que la &#8216;guerra contra el terrorismo&#8217; no genere m\u00e1s terrorismo.<br \/>\nLa invasi\u00f3n de privacidad no garantiza la seguridad. El Reino Unido dispone, junto a EE UU, de la red Echelon, un sofisticado sistema de espionaje de las comunicaciones electr\u00f3nicas por tel\u00e9fonos fijos, m\u00f3viles, fax e Internet. De poco ha servido para prevenir el ataque. Ya lo dijo Benjam\u00edn Franklin: \u00abQuien prima la seguridad sobre la libertad no tiene derecho ni a la una ni a la otra\u00bb. Si renunciamos a nuestro modelo de sociedad abierta, no es seguro que venzamos a los fan\u00e1ticos. S\u00ed lo es que la democracia y la libertad habr\u00edan sido derrotadas.<br \/>\nNuestro pa\u00eds y la UE deben dar una respuesta digna, democr\u00e1tica, respetuosa de la ley, eficaz y sin indulgencia frente al terror. Debe estar basada en valores y principios: la solidaridad con las v\u00edctimas, la unidad de las fuerzas pol\u00edticas y de todos los dem\u00f3cratas, la firmeza del Estado de derecho y, por encima de todo, la protecci\u00f3n de las libertades democr\u00e1ticas y de los derechos ciudadanos.<br \/>\nComo se\u00f1al\u00f3 nuestro Parlamento: \u00abEstamos orgullosos de la respuesta que la sociedad espa\u00f1ola dio a la matanza. El 11-M no provoc\u00f3 un recorte de libertades como el producido en EE UU tras el 11-S. El pueblo tuvo una reacci\u00f3n ejemplar. Demostr\u00f3 que se puede contrarrestar el terrorismo desde el Estado de derecho y la solidaridad democr\u00e1tica, sin extremismo, sin xenofobia y salvaguardando los valores democr\u00e1ticos\u00bb. Entre las 150 recomendaciones aprobadas por el Congreso, hacemos especial hincapi\u00e9 en la coordinaci\u00f3n de la pol\u00edtica exterior de los Estados de la Uni\u00f3n Europea. Tambi\u00e9n en la cooperaci\u00f3n gubernamental, judicial, policial y de los servicios de inteligencia a escala europea e internacional.<br \/>\nEntre otras iniciativas, se propone potenciar Europol y Eurojust como centros de coordinaci\u00f3n policial y judicial; definir de forma uniforme los delitos relacionados con el terrorismo, secar sus fuentes de financiaci\u00f3n, agilizar las comisiones rogatorias judiciales, intercambiar informaci\u00f3n, inteligencia y experiencia.<br \/>\nPero tambi\u00e9n hay que recobrar la vitalidad social, resta\u00f1ando las heridas producidas en la comunidad. Es muy importante que los terroristas no consigan su objetivo de fracturar la convivencia. En tal sentido, hemos expuesto p\u00fablicamente la propuesta de un Acuerdo contra el terrorismo internacional, que una a los partidos democr\u00e1ticos en un af\u00e1n por superar pol\u00e9micas est\u00e9riles. Veremos hasta d\u00f3nde llegamos.<br \/>\nHay que secar la ci\u00e9naga de la que se nutre el terrorismo yihadista. Antes fueron Afganist\u00e1n y Kosovo; ahora, la ilegal y funesta guerra y ocupaci\u00f3n de Irak. S\u00f3lo la serenidad debe guiarnos. No se apaga el fuego con el fuego, ni el fanatismo con fanatismo, ni hay patria, doctrina pol\u00edtica o religi\u00f3n que pueda servir para justificar el terror. Volviendo de nuevo a Gleneagles: \u00abNo habr\u00e1 paz sin justicia\u00bb. Respondamos con inteligencia.<\/p><\/blockquote>\n","protected":false},"excerpt":{"rendered":"<p>[\u00abRespondamos con inteligencia al terrorismo\u00bb:http:\/\/www.elpais.es\/articulo\/elpporopi\/20050723elpepiopi_10\/Tes], Gaspar Llamazares. ([\u00abEl Pais\u00bb:http:\/\/www.elpais.es\/articulo\/elpporopi\/20050723elpepiopi_10\/Tes]) Al terrorismo se le combate con serenidad. Las barbaridades s\u00f3lo deben tener cabida del lado de los asesinos. Los dem\u00f3cratas y quienes deseamos vivir en libertad debemos utilizar las armas que nos da la raz\u00f3n para derrotarles. Para ello, la condici\u00f3n de criminales de los terroristas&hellip;&nbsp;<a href=\"https:\/\/junjan.org\/wordpress\/2005\/07\/respondamos_con_inteligencia_a\/\" rel=\"bookmark\">Leer m\u00e1s &raquo;<span class=\"screen-reader-text\">Respondamos con inteligencia al terrorismo<\/span><\/a><\/p>\n","protected":false},"author":1,"featured_media":0,"comment_status":"open","ping_status":"open","sticky":false,"template":"","format":"standard","meta":{"neve_meta_sidebar":"","neve_meta_container":"","neve_meta_enable_content_width":"","neve_meta_content_width":0,"neve_meta_title_alignment":"","neve_meta_author_avatar":"","neve_post_elements_order":"","neve_meta_disable_header":"","neve_meta_disable_footer":"","neve_meta_disable_title":"","footnotes":""},"categories":[5],"tags":[],"class_list":["post-580","post","type-post","status-publish","format-standard","hentry","category-actualidad"],"_links":{"self":[{"href":"https:\/\/junjan.org\/wordpress\/wp-json\/wp\/v2\/posts\/580","targetHints":{"allow":["GET"]}}],"collection":[{"href":"https:\/\/junjan.org\/wordpress\/wp-json\/wp\/v2\/posts"}],"about":[{"href":"https:\/\/junjan.org\/wordpress\/wp-json\/wp\/v2\/types\/post"}],"author":[{"embeddable":true,"href":"https:\/\/junjan.org\/wordpress\/wp-json\/wp\/v2\/users\/1"}],"replies":[{"embeddable":true,"href":"https:\/\/junjan.org\/wordpress\/wp-json\/wp\/v2\/comments?post=580"}],"version-history":[{"count":0,"href":"https:\/\/junjan.org\/wordpress\/wp-json\/wp\/v2\/posts\/580\/revisions"}],"wp:attachment":[{"href":"https:\/\/junjan.org\/wordpress\/wp-json\/wp\/v2\/media?parent=580"}],"wp:term":[{"taxonomy":"category","embeddable":true,"href":"https:\/\/junjan.org\/wordpress\/wp-json\/wp\/v2\/categories?post=580"},{"taxonomy":"post_tag","embeddable":true,"href":"https:\/\/junjan.org\/wordpress\/wp-json\/wp\/v2\/tags?post=580"}],"curies":[{"name":"wp","href":"https:\/\/api.w.org\/{rel}","templated":true}]}}