{"id":584,"date":"2005-08-01T12:43:06","date_gmt":"2005-08-01T12:43:06","guid":{"rendered":"http:\/\/junjan.org\/wordpress\/?p=584"},"modified":"2005-08-01T12:43:06","modified_gmt":"2005-08-01T12:43:06","slug":"periodismo_beta","status":"publish","type":"post","link":"https:\/\/junjan.org\/wordpress\/2005\/08\/periodismo_beta\/","title":{"rendered":"Periodismo Beta"},"content":{"rendered":"<p>Fahd Bin Abdelaziz al Saud, rey y \u00abdictador\u00bb:http:\/\/arthuredelstein.org\/worlddictators\/ ha muerto. Recordemos que \u00abArabia Saudita\u00bb:http:\/\/es.wikipedia.org\/wiki\/Arabia_Saudita es un pa\u00eds regido por la \u00abley isl\u00e1mica\u00bb:http:\/\/es.wikipedia.org\/wiki\/Sharia o <em>Sharia<\/em>, un pa\u00eds donde no se respetan los m\u00e1s m\u00ednimos derechos humanos y donde la tortura y el asesinato de estado campan por sus respetos.<br \/>\nTodo esto se obvia en las cr\u00f3nicas de su muerte. Tras el velo de la correcci\u00f3n pol\u00edtico-imperial se recuerdan sus inversiones en Marbella, se rememoran sus reuniones con nuestra familia real y con diversos presidentes estadounidenses, su papel en las cr\u00edsis petroleras, sus \u00abesfuerzos\u00bb de mediaci\u00f3n en el conflicto palestino, y se glosan las virtudes de Abdal\u00e1, su sucesor de facto desde hace diez a\u00f1os.<br \/>\nViva el periodismo de investigaci\u00f3n, ni 1.0, ni 2.0, ni [\u00ab3.0\u00bb:http:\/\/periodistas21.eapuntes.com\/index.php\/Periodismo_3.0%2C_la_socializaci%F3n_de_la_informaci%F3n], estamos todav\u00eda en fase beta, con libro de etiqueta al dictado.<\/p>\n","protected":false},"excerpt":{"rendered":"<p>Fahd Bin Abdelaziz al Saud, rey y \u00abdictador\u00bb:http:\/\/arthuredelstein.org\/worlddictators\/ ha muerto. Recordemos que \u00abArabia Saudita\u00bb:http:\/\/es.wikipedia.org\/wiki\/Arabia_Saudita es un pa\u00eds regido por la \u00abley isl\u00e1mica\u00bb:http:\/\/es.wikipedia.org\/wiki\/Sharia o Sharia, un pa\u00eds donde no se respetan los m\u00e1s m\u00ednimos derechos humanos y donde la tortura y el asesinato de estado campan por sus respetos. Todo esto se obvia en las cr\u00f3nicas&hellip;&nbsp;<a href=\"https:\/\/junjan.org\/wordpress\/2005\/08\/periodismo_beta\/\" rel=\"bookmark\">Leer m\u00e1s &raquo;<span class=\"screen-reader-text\">Periodismo Beta<\/span><\/a><\/p>\n","protected":false},"author":1,"featured_media":0,"comment_status":"open","ping_status":"open","sticky":false,"template":"","format":"standard","meta":{"neve_meta_sidebar":"","neve_meta_container":"","neve_meta_enable_content_width":"","neve_meta_content_width":0,"neve_meta_title_alignment":"","neve_meta_author_avatar":"","neve_post_elements_order":"","neve_meta_disable_header":"","neve_meta_disable_footer":"","neve_meta_disable_title":"","footnotes":""},"categories":[5],"tags":[],"class_list":["post-584","post","type-post","status-publish","format-standard","hentry","category-actualidad"],"_links":{"self":[{"href":"https:\/\/junjan.org\/wordpress\/wp-json\/wp\/v2\/posts\/584","targetHints":{"allow":["GET"]}}],"collection":[{"href":"https:\/\/junjan.org\/wordpress\/wp-json\/wp\/v2\/posts"}],"about":[{"href":"https:\/\/junjan.org\/wordpress\/wp-json\/wp\/v2\/types\/post"}],"author":[{"embeddable":true,"href":"https:\/\/junjan.org\/wordpress\/wp-json\/wp\/v2\/users\/1"}],"replies":[{"embeddable":true,"href":"https:\/\/junjan.org\/wordpress\/wp-json\/wp\/v2\/comments?post=584"}],"version-history":[{"count":0,"href":"https:\/\/junjan.org\/wordpress\/wp-json\/wp\/v2\/posts\/584\/revisions"}],"wp:attachment":[{"href":"https:\/\/junjan.org\/wordpress\/wp-json\/wp\/v2\/media?parent=584"}],"wp:term":[{"taxonomy":"category","embeddable":true,"href":"https:\/\/junjan.org\/wordpress\/wp-json\/wp\/v2\/categories?post=584"},{"taxonomy":"post_tag","embeddable":true,"href":"https:\/\/junjan.org\/wordpress\/wp-json\/wp\/v2\/tags?post=584"}],"curies":[{"name":"wp","href":"https:\/\/api.w.org\/{rel}","templated":true}]}}