{"id":587,"date":"2005-08-05T11:54:10","date_gmt":"2005-08-05T11:54:10","guid":{"rendered":"http:\/\/junjan.org\/wordpress\/?p=587"},"modified":"2005-08-05T11:54:10","modified_gmt":"2005-08-05T11:54:10","slug":"hiroshima_60_aos","status":"publish","type":"post","link":"https:\/\/junjan.org\/wordpress\/2005\/08\/hiroshima_60_aos\/","title":{"rendered":"Hiroshima 60 a\u00f1os"},"content":{"rendered":"<p><img loading=\"lazy\" decoding=\"async\" alt=\"hiroshima_59.jpg\" title=\"Hiroshima\" src=\"http:\/\/www.junjan.org\/weblog\/images\/hiroshima_59.jpg\" width=\"400\" height=\"281\" border=\"1\" title=\"Hiroshima - La Destruccion\" \/><br \/>\nMa\u00f1ana har\u00e1n sesenta a\u00f1os del bombardeo at\u00f3mico de [\u00abHiroshima\u00bb:http:\/\/www.pcf.city.hiroshima.jp\/top_e.html].<br \/>\nPara recordar tan triste fecha la ciudad de Hiroshima ha organizado el proyecto art\u00edstico \u00ab[\u00abThe Sudden Morning\u00bb:http:\/\/www.hiroshima2005.jp\/eng\/concept\/index.html]\u00bb (La ma\u00f1ana s\u00fabita). Esta es la idea:<br \/>\n<em>El 6 de Agosto de 1945 a las 8:15 de ma ma\u00f1ana cay\u00f3 la bomba at\u00f3mica sobre Hiroshima, ma\u00f1ana 6 de Agosto de 2005 recordaremos lo que pas\u00f3 y al mismo tiempo miraremos al futuro. Ma\u00f1ana a las 8:15 las personas que participen en el proyecto mandar\u00e1n fotograf\u00edas digitales de sus respectivos amaneceres. Las im\u00e1genes se proyectar\u00e1n seg\u00fan orden de recepci\u00f3n en el \u00abA-Bomb Dome\u00bb y en el  \u00abPeace Memorial Park\u00bb de Hiroshima, as\u00ed como en [\u00abInternet\u00bb:http:\/\/www.hiroshima2005.jp\/eng\/index.html].\u00bb<\/em><br \/>\nLas fotograf\u00edas de pueden mandar desde esta [\u00abp\u00e1gina\u00bb:http:\/\/www.hiroshima2005.jp\/eng\/entry2\/index.html]. Tambi\u00e9n se ha creado un \u00abgrupo en Flickr\u00bb:http:\/\/www.flickr.com\/groups\/70324058@N00\/ especialmente para el evento.<\/p>\n<blockquote><p>\u00abIt&#8217;s been 60 years since the atom bomb; nevertheless, people still hover around that \u00abSudden Morning\u00bb, which was shown on the broken watch pointing at 8:15 am on August 6, 1945. Human beings encountered \u00abthe second light\u00bb on that sudden morning. The aim of human beings is the quest for eternity and refusal against any halt in existence.<br \/>\nHuman beings have been caught by these lights&#8230;&#8230; But in our eyes we can see that life will regenerate through these lights.<br \/>\nAt 8:15 am, August 6th, 2005, we will look back to that sudden morning, as people living on this planet, torn between the two lights, the sun and the atom bomb.<br \/>\n(By Yoshimichi Ishimaru, NPO Cetra Hiroshima)\u00bb<\/p><\/blockquote>\n","protected":false},"excerpt":{"rendered":"<p>Ma\u00f1ana har\u00e1n sesenta a\u00f1os del bombardeo at\u00f3mico de [\u00abHiroshima\u00bb:http:\/\/www.pcf.city.hiroshima.jp\/top_e.html]. Para recordar tan triste fecha la ciudad de Hiroshima ha organizado el proyecto art\u00edstico \u00ab[\u00abThe Sudden Morning\u00bb:http:\/\/www.hiroshima2005.jp\/eng\/concept\/index.html]\u00bb (La ma\u00f1ana s\u00fabita). Esta es la idea: El 6 de Agosto de 1945 a las 8:15 de ma ma\u00f1ana cay\u00f3 la bomba at\u00f3mica sobre Hiroshima, ma\u00f1ana 6 de Agosto&hellip;&nbsp;<a href=\"https:\/\/junjan.org\/wordpress\/2005\/08\/hiroshima_60_aos\/\" rel=\"bookmark\">Leer m\u00e1s &raquo;<span class=\"screen-reader-text\">Hiroshima 60 a\u00f1os<\/span><\/a><\/p>\n","protected":false},"author":1,"featured_media":0,"comment_status":"open","ping_status":"open","sticky":false,"template":"","format":"standard","meta":{"neve_meta_sidebar":"","neve_meta_container":"","neve_meta_enable_content_width":"","neve_meta_content_width":0,"neve_meta_title_alignment":"","neve_meta_author_avatar":"","neve_post_elements_order":"","neve_meta_disable_header":"","neve_meta_disable_footer":"","neve_meta_disable_title":"","footnotes":""},"categories":[5],"tags":[],"class_list":["post-587","post","type-post","status-publish","format-standard","hentry","category-actualidad"],"_links":{"self":[{"href":"https:\/\/junjan.org\/wordpress\/wp-json\/wp\/v2\/posts\/587","targetHints":{"allow":["GET"]}}],"collection":[{"href":"https:\/\/junjan.org\/wordpress\/wp-json\/wp\/v2\/posts"}],"about":[{"href":"https:\/\/junjan.org\/wordpress\/wp-json\/wp\/v2\/types\/post"}],"author":[{"embeddable":true,"href":"https:\/\/junjan.org\/wordpress\/wp-json\/wp\/v2\/users\/1"}],"replies":[{"embeddable":true,"href":"https:\/\/junjan.org\/wordpress\/wp-json\/wp\/v2\/comments?post=587"}],"version-history":[{"count":0,"href":"https:\/\/junjan.org\/wordpress\/wp-json\/wp\/v2\/posts\/587\/revisions"}],"wp:attachment":[{"href":"https:\/\/junjan.org\/wordpress\/wp-json\/wp\/v2\/media?parent=587"}],"wp:term":[{"taxonomy":"category","embeddable":true,"href":"https:\/\/junjan.org\/wordpress\/wp-json\/wp\/v2\/categories?post=587"},{"taxonomy":"post_tag","embeddable":true,"href":"https:\/\/junjan.org\/wordpress\/wp-json\/wp\/v2\/tags?post=587"}],"curies":[{"name":"wp","href":"https:\/\/api.w.org\/{rel}","templated":true}]}}