{"id":589,"date":"2005-08-05T22:59:09","date_gmt":"2005-08-05T22:59:09","guid":{"rendered":"http:\/\/junjan.org\/wordpress\/?p=589"},"modified":"2005-08-05T22:59:09","modified_gmt":"2005-08-05T22:59:09","slug":"bilin_y_el_cambio","status":"publish","type":"post","link":"https:\/\/junjan.org\/wordpress\/2005\/08\/bilin_y_el_cambio\/","title":{"rendered":"Bilin y el cambio"},"content":{"rendered":"<p>\u00abYa hab\u00eda comentado\u00bb:http:\/\/www.junjan.org\/weblog\/archives\/2005\/07\/13\/palestininian_ghandis.html que la resistencia pac\u00edfica de los ciudadanos de la ciudad palestina de Bilin estaba cambiando las cosas. \u00abAlberto Arce\u00bb:http:\/\/www.lainsignia.org\/2005\/agosto\/int_010.htm en La Insignia nos lo explica, como siempre muy recomendable lectura. Fragmento:<\/p>\n<blockquote><p><strong>\u00bfEl principio de un cambio?<\/strong><br \/>\nHace al menos cinco meses que el peque\u00f1o pueblo de Bilin, cercano a Ramala, resiste de manera no-violenta contra la construcci\u00f3n del muro de apartheid. Todos los viernes, y cada d\u00eda con un lema diferente, los habitantes del pueblo organizan, junto a activistas internacionales e israel\u00edes, manifestaciones en defensa de su tierra y su libertad que sistem\u00e1ticamente terminan rodeadas de gas lacrim\u00f3geno, balas de goma, palizas y arrestos. Abdala Abu Rahme, uno de los l\u00edderes del comit\u00e9 local contra el muro, acaba de ser liberado bajo fianza (pagada en parte por un israel\u00ed) tras m\u00e1s de dos semanas de detenci\u00f3n administrativa en la base militar de Ofer. Se le acusaba falsamente de atacar a un soldado, como se acusa a todos los palestinos, activistas internacionales e israel\u00edes que son detenidos juntos en las protestas pac\u00edficas que tienen lugar cada d\u00eda en los territorios ocupados.<br \/>\nLa novedad radica en que, a lo largo del \u00faltimo mes, ciertos jueces y medios de comunicaci\u00f3n israel\u00edes empiezan a plegarse a la evidencia de que la \u00fanica violencia que puede apreciarse en las manifestaciones es la que ejercen los soldados de un ej\u00e9rcito que ocupa Palestina desde hace d\u00e9cadas. Cada manifestaci\u00f3n es grabada por decenas de c\u00e1maras de video y fotografiada hasta la saciedad. Posteriormente esas cintas y fotograf\u00edas son utilizadas por los activistas y los abogados israel\u00edes que colaboran con ellos para lograr sistem\u00e1ticamente la liberaci\u00f3n de los detenidos.<br \/>\nLas manifestaciones de Bilin han dado el salto. Han dejado de ser objeto de listas de distribuci\u00f3n militante de esa \u00abultraizquierda\u00bb que debate sobre teor\u00edas y principios y se mancha poco las botas de barro sobre el territorio, para pasar a ser un pu\u00f1etazo en la cara del Parlamento y el ej\u00e9rcito israel\u00edes. Las movilizaciones no violentas conjuntas de palestinos, israel\u00edes y activistas internacionales son el camino para luchar por la dignidad del pueblo palestino si queremos terminar con la malintencionada visi\u00f3n de palestinos encapuchados y armados que los medios de comunicaci\u00f3n acostumbran a transmitir y que tan poco contribuye al conocimiento de su causa. Si queremos que la solidaridad con el pueblo palestino aumente, debemos esforzarnos en aumentar y amplificar los ejemplos constructivos por la paz que aquella tierra nos ofrece continuamente para poder contrainformar respecto a la violencia que la destruye. <\/p><\/blockquote>\n","protected":false},"excerpt":{"rendered":"<p>\u00abYa hab\u00eda comentado\u00bb:http:\/\/www.junjan.org\/weblog\/archives\/2005\/07\/13\/palestininian_ghandis.html que la resistencia pac\u00edfica de los ciudadanos de la ciudad palestina de Bilin estaba cambiando las cosas. \u00abAlberto Arce\u00bb:http:\/\/www.lainsignia.org\/2005\/agosto\/int_010.htm en La Insignia nos lo explica, como siempre muy recomendable lectura. Fragmento: \u00bfEl principio de un cambio? Hace al menos cinco meses que el peque\u00f1o pueblo de Bilin, cercano a Ramala, resiste de&hellip;&nbsp;<a href=\"https:\/\/junjan.org\/wordpress\/2005\/08\/bilin_y_el_cambio\/\" rel=\"bookmark\">Leer m\u00e1s &raquo;<span class=\"screen-reader-text\">Bilin y el cambio<\/span><\/a><\/p>\n","protected":false},"author":1,"featured_media":0,"comment_status":"open","ping_status":"open","sticky":false,"template":"","format":"standard","meta":{"neve_meta_sidebar":"","neve_meta_container":"","neve_meta_enable_content_width":"","neve_meta_content_width":0,"neve_meta_title_alignment":"","neve_meta_author_avatar":"","neve_post_elements_order":"","neve_meta_disable_header":"","neve_meta_disable_footer":"","neve_meta_disable_title":"","footnotes":""},"categories":[81],"tags":[85],"class_list":["post-589","post","type-post","status-publish","format-standard","hentry","category-revista-de-prensa","tag-alberto-arce-palestina-israel"],"_links":{"self":[{"href":"https:\/\/junjan.org\/wordpress\/wp-json\/wp\/v2\/posts\/589","targetHints":{"allow":["GET"]}}],"collection":[{"href":"https:\/\/junjan.org\/wordpress\/wp-json\/wp\/v2\/posts"}],"about":[{"href":"https:\/\/junjan.org\/wordpress\/wp-json\/wp\/v2\/types\/post"}],"author":[{"embeddable":true,"href":"https:\/\/junjan.org\/wordpress\/wp-json\/wp\/v2\/users\/1"}],"replies":[{"embeddable":true,"href":"https:\/\/junjan.org\/wordpress\/wp-json\/wp\/v2\/comments?post=589"}],"version-history":[{"count":0,"href":"https:\/\/junjan.org\/wordpress\/wp-json\/wp\/v2\/posts\/589\/revisions"}],"wp:attachment":[{"href":"https:\/\/junjan.org\/wordpress\/wp-json\/wp\/v2\/media?parent=589"}],"wp:term":[{"taxonomy":"category","embeddable":true,"href":"https:\/\/junjan.org\/wordpress\/wp-json\/wp\/v2\/categories?post=589"},{"taxonomy":"post_tag","embeddable":true,"href":"https:\/\/junjan.org\/wordpress\/wp-json\/wp\/v2\/tags?post=589"}],"curies":[{"name":"wp","href":"https:\/\/api.w.org\/{rel}","templated":true}]}}