{"id":594,"date":"2005-08-23T18:29:54","date_gmt":"2005-08-23T18:29:54","guid":{"rendered":"http:\/\/junjan.org\/wordpress\/?p=594"},"modified":"2005-08-23T18:29:54","modified_gmt":"2005-08-23T18:29:54","slug":"preguntas_veraniegas","status":"publish","type":"post","link":"https:\/\/junjan.org\/wordpress\/2005\/08\/preguntas_veraniegas\/","title":{"rendered":"Preguntas veraniegas"},"content":{"rendered":"<p>&#8211;Sin negar las obvias responsabilidades de los \u00abincendiarios\u00bb:http:\/\/www.elpais.es\/articulo.html?d_date=20050823&#038;xref=20050823elpepiopi_1&#038;type=Tes&#038;anchor=elpporopi y de las pat\u00e9ticas \u00abpol\u00edticas preventivas\u00bb:http:\/\/abc.es\/opinion\/index.asp?ff=20050823&#038;idn=61367886366 en la recurrente y c\u00edclica plagua de incendios, hay otras preguntas.&#8211;<br \/>\n\u00bfPor qu\u00e9 las mayor\u00eda de los incendios se producen en bosques repoblados de pino\/eucalipto o en matorrales de sustituci\u00f3n en zonas que ya fueron incendiadas?<br \/>\n\u00bfEs tan dificil observar una relaci\u00f3n causa-efecto?<br \/>\n\u00bfSer\u00e1 que este tipo de repoblaciones fueron, son y ser\u00e1n un camino seguro al incendio?<br \/>\n\u00bfNadie ve el c\u00edrculo vicioso (y el m\u00e1s que probable negocio) entre incendio, extinci\u00f3n y repoblaci\u00f3n?<\/p>\n","protected":false},"excerpt":{"rendered":"<p>&#8211;Sin negar las obvias responsabilidades de los \u00abincendiarios\u00bb:http:\/\/www.elpais.es\/articulo.html?d_date=20050823&#038;xref=20050823elpepiopi_1&#038;type=Tes&#038;anchor=elpporopi y de las pat\u00e9ticas \u00abpol\u00edticas preventivas\u00bb:http:\/\/abc.es\/opinion\/index.asp?ff=20050823&#038;idn=61367886366 en la recurrente y c\u00edclica plagua de incendios, hay otras preguntas.&#8211; \u00bfPor qu\u00e9 las mayor\u00eda de los incendios se producen en bosques repoblados de pino\/eucalipto o en matorrales de sustituci\u00f3n en zonas que ya fueron incendiadas? \u00bfEs tan dificil observar una&hellip;&nbsp;<a href=\"https:\/\/junjan.org\/wordpress\/2005\/08\/preguntas_veraniegas\/\" rel=\"bookmark\">Leer m\u00e1s &raquo;<span class=\"screen-reader-text\">Preguntas veraniegas<\/span><\/a><\/p>\n","protected":false},"author":1,"featured_media":0,"comment_status":"open","ping_status":"open","sticky":false,"template":"","format":"standard","meta":{"neve_meta_sidebar":"","neve_meta_container":"","neve_meta_enable_content_width":"","neve_meta_content_width":0,"neve_meta_title_alignment":"","neve_meta_author_avatar":"","neve_post_elements_order":"","neve_meta_disable_header":"","neve_meta_disable_footer":"","neve_meta_disable_title":"","footnotes":""},"categories":[9],"tags":[],"class_list":["post-594","post","type-post","status-publish","format-standard","hentry","category-opinion"],"_links":{"self":[{"href":"https:\/\/junjan.org\/wordpress\/wp-json\/wp\/v2\/posts\/594","targetHints":{"allow":["GET"]}}],"collection":[{"href":"https:\/\/junjan.org\/wordpress\/wp-json\/wp\/v2\/posts"}],"about":[{"href":"https:\/\/junjan.org\/wordpress\/wp-json\/wp\/v2\/types\/post"}],"author":[{"embeddable":true,"href":"https:\/\/junjan.org\/wordpress\/wp-json\/wp\/v2\/users\/1"}],"replies":[{"embeddable":true,"href":"https:\/\/junjan.org\/wordpress\/wp-json\/wp\/v2\/comments?post=594"}],"version-history":[{"count":0,"href":"https:\/\/junjan.org\/wordpress\/wp-json\/wp\/v2\/posts\/594\/revisions"}],"wp:attachment":[{"href":"https:\/\/junjan.org\/wordpress\/wp-json\/wp\/v2\/media?parent=594"}],"wp:term":[{"taxonomy":"category","embeddable":true,"href":"https:\/\/junjan.org\/wordpress\/wp-json\/wp\/v2\/categories?post=594"},{"taxonomy":"post_tag","embeddable":true,"href":"https:\/\/junjan.org\/wordpress\/wp-json\/wp\/v2\/tags?post=594"}],"curies":[{"name":"wp","href":"https:\/\/api.w.org\/{rel}","templated":true}]}}