{"id":595,"date":"2005-08-24T15:02:40","date_gmt":"2005-08-24T15:02:40","guid":{"rendered":"http:\/\/junjan.org\/wordpress\/?p=595"},"modified":"2005-08-24T15:02:40","modified_gmt":"2005-08-24T15:02:40","slug":"civil_y_polidrico","status":"publish","type":"post","link":"https:\/\/junjan.org\/wordpress\/2005\/08\/civil_y_polidrico\/","title":{"rendered":"Civil y poli\u00e9drico"},"content":{"rendered":"<p>Los medios tradicionales se empiezan a hacer eco del llamado \u00abperiodismo ciudadano\u00bb&#8230; A buenas horas&#8230;<br \/>\n[\u00abLa informaci\u00f3n instant\u00e1nea\u00bb:http:\/\/www.elpais.es\/articulo\/elpporopi\/20050824elpepiopi_7\/Tes], Jordi Soler (El Pais)<\/p>\n<blockquote><p>En el universo de los blogs existen, desde luego, una multitud de diarios fr\u00edvolos o demasiado personales, pero tambi\u00e9n hay muchos con informaci\u00f3n fiable y opiniones razonables que empiezan a influir en la prensa, digamos, tradicional. El diario ingl\u00e9s The Guardian ha incluido en su edici\u00f3n de Internet una secci\u00f3n que se titula &#8216;Newsblog&#8217;, donde reporteros ciudadanos enganchan sus cr\u00f3nicas instant\u00e1neas, o sus fotograf\u00edas de m\u00f3vil desde el coraz\u00f3n de la noticia. Aunque The Guardian es un peri\u00f3dico donde las noticias, incluidas las del blog, deben ser filtradas por el editor, no puede pasarse por alto ni la velocidad ni la perspectiva de close-up que tuvimos sus lectores hace unas semanas, cuando asist\u00edamos al recuento casi instant\u00e1neo del concierto de Live 8 en Hyde Park, al de las batallas de los manifestantes contra las fuerzas del orden durante la cumbre del G-8 y al de los atentados terroristas del 7-J. Ah\u00ed vimos, por ejemplo, la noticia de las alpargatas (\u00abmocasines\u00bb, dec\u00eda el autor de la fotograf\u00eda) de Bob Geldof manchadas de vino tinto, unos minutos despu\u00e9s de que el cantante se derramara la copa de Rioja encima; tambi\u00e9n vimos la fotograf\u00eda de m\u00f3vil y le\u00edmos la cr\u00f3nica instant\u00e1nea de un golpeado por la polic\u00eda en Gleneagles y unas horas despu\u00e9s asistimos a la publicaci\u00f3n de decenas de fotograf\u00edas sobrecogedoras de las explosiones en el metro de Londres, reci\u00e9n hechas por reporteros ciudadanos.<br \/>\nDe todas las lecturas que pueden hacerse del surgimiento intempestivo del citizen reporter, cabe detenerse en la de la democratizaci\u00f3n del periodismo, con sus peligros aleda\u00f1os: la cobertura que de los atentados del 7-J hicieron los bloggers, y los reporteros gr\u00e1ficos de tel\u00e9fono m\u00f3vil, nos dio una imagen m\u00e1s completa de lo que hab\u00eda pasado dentro de los t\u00faneles, vimos im\u00e1genes de las explosiones, del interior de los vagones y de las largas filas de pasajeros caminando junto al tren en la oscuridad; esta serie de im\u00e1genes, que en otra \u00e9poca hubieran sido impensables, nos permitieron ver el acontecimiento desde muchos \u00e1ngulos, tuvimos, muy poco tiempo despu\u00e9s de que ocurriera, un punto de vista m\u00faltiple de la tragedia y, sin embargo, pese a la multitud de im\u00e1genes, no quedamos sustancialmente mejor informados que si hubi\u00e9semos le\u00eddo la noticia en las p\u00e1ginas lent\u00edsimas de un peri\u00f3dico de papel. Al margen de sus bondades, el reportaje ciudadano entra\u00f1a ciertos riesgos, el estrecho margen de reflexi\u00f3n y an\u00e1lisis que tiene un productor que recibe un v\u00eddeo en su oficina que saldr\u00e1 al aire veinte minutos despu\u00e9s, es la grieta por la que puede colarse informaci\u00f3n falsa, una broma o una noticia que siembre el terror. Por otra parte, la iniciativa inglesa, que pronto entrar\u00e1 en vigor en todos los pa\u00edses de la Uni\u00f3n Europea, de intervenir las llamadas telef\u00f3nicas y los mensajes por Internet, y de almacenar y analizar lo que sirva para la investigaci\u00f3n de un acto terrorista, ir\u00e1 formando de paso el gran archivo de las noticias de los citizen reporters: el recuento espont\u00e1neo, civil y poli\u00e9drico de la tragedia.<\/p><\/blockquote>\n","protected":false},"excerpt":{"rendered":"<p>Los medios tradicionales se empiezan a hacer eco del llamado \u00abperiodismo ciudadano\u00bb&#8230; A buenas horas&#8230; [\u00abLa informaci\u00f3n instant\u00e1nea\u00bb:http:\/\/www.elpais.es\/articulo\/elpporopi\/20050824elpepiopi_7\/Tes], Jordi Soler (El Pais) En el universo de los blogs existen, desde luego, una multitud de diarios fr\u00edvolos o demasiado personales, pero tambi\u00e9n hay muchos con informaci\u00f3n fiable y opiniones razonables que empiezan a influir en la&hellip;&nbsp;<a href=\"https:\/\/junjan.org\/wordpress\/2005\/08\/civil_y_polidrico\/\" rel=\"bookmark\">Leer m\u00e1s &raquo;<span class=\"screen-reader-text\">Civil y poli\u00e9drico<\/span><\/a><\/p>\n","protected":false},"author":1,"featured_media":0,"comment_status":"open","ping_status":"open","sticky":false,"template":"","format":"standard","meta":{"neve_meta_sidebar":"","neve_meta_container":"","neve_meta_enable_content_width":"","neve_meta_content_width":0,"neve_meta_title_alignment":"","neve_meta_author_avatar":"","neve_post_elements_order":"","neve_meta_disable_header":"","neve_meta_disable_footer":"","neve_meta_disable_title":"","footnotes":""},"categories":[81],"tags":[],"class_list":["post-595","post","type-post","status-publish","format-standard","hentry","category-revista-de-prensa"],"_links":{"self":[{"href":"https:\/\/junjan.org\/wordpress\/wp-json\/wp\/v2\/posts\/595","targetHints":{"allow":["GET"]}}],"collection":[{"href":"https:\/\/junjan.org\/wordpress\/wp-json\/wp\/v2\/posts"}],"about":[{"href":"https:\/\/junjan.org\/wordpress\/wp-json\/wp\/v2\/types\/post"}],"author":[{"embeddable":true,"href":"https:\/\/junjan.org\/wordpress\/wp-json\/wp\/v2\/users\/1"}],"replies":[{"embeddable":true,"href":"https:\/\/junjan.org\/wordpress\/wp-json\/wp\/v2\/comments?post=595"}],"version-history":[{"count":0,"href":"https:\/\/junjan.org\/wordpress\/wp-json\/wp\/v2\/posts\/595\/revisions"}],"wp:attachment":[{"href":"https:\/\/junjan.org\/wordpress\/wp-json\/wp\/v2\/media?parent=595"}],"wp:term":[{"taxonomy":"category","embeddable":true,"href":"https:\/\/junjan.org\/wordpress\/wp-json\/wp\/v2\/categories?post=595"},{"taxonomy":"post_tag","embeddable":true,"href":"https:\/\/junjan.org\/wordpress\/wp-json\/wp\/v2\/tags?post=595"}],"curies":[{"name":"wp","href":"https:\/\/api.w.org\/{rel}","templated":true}]}}