{"id":604,"date":"2005-09-09T21:49:38","date_gmt":"2005-09-09T21:49:38","guid":{"rendered":"http:\/\/junjan.org\/wordpress\/?p=604"},"modified":"2011-06-18T20:54:36","modified_gmt":"2011-06-18T18:54:36","slug":"don_erre_que_erre","status":"publish","type":"post","link":"https:\/\/junjan.org\/wordpress\/2005\/09\/don_erre_que_erre\/","title":{"rendered":"Don Erre que Erre"},"content":{"rendered":"<p>Aznar entrevistado en el peri\u00f3dico \u00ab<a href=\"http:\/\/www.clarin.com\/diario\/2005\/09\/07\/elmundo\/i-02501.htm\" target=\"_blank\">Clar\u00edn<\/a>\u00ab. <em>No comment.<\/em><\/p>\n<blockquote><p><em>\u2014Sin la presi\u00f3n del poder \u00bfqu\u00e9 autocr\u00edtica puede hacer? \u00bfDe qu\u00e9 se arrepiente?<\/em><br \/>\n\u2014Ser\u00eda presuntuoso decir que todo lo hice bien, y est\u00fapido decir que todo lo hice mal.<br \/>\n<em>\u2014\u00bfY qu\u00e9 hizo mal?<\/em><br \/>\n\u2014Seguro que hice cosas mal. Pero lo importante es el balance. Mi pa\u00eds era m\u00e1s fuerte pol\u00edtica, econ\u00f3mica, internacionalmente cuando dej\u00e9 el cargo.<br \/>\n<em>\u2014Pero \u00bfhizo algo que le parezca desacertado?<\/em><br \/>\n\u2014No le voy a decir (sonr\u00ede). Porque si digo algo, va a salir &#8216;Aznar reconoce tal cosa, Aznar reconoce tal otra&#8217;. \u00bfPor qu\u00e9 tengo que ahorrarles el trabajo a los dem\u00e1s?<br \/>\n<em>\u2014\u00bfInfluy\u00f3 el 11-M en la derrota electoral de su partido?<\/em><br \/>\n\u2014S\u00ed, decisivamente. Los terroristas buscaban la ca\u00edda del gobierno y lo consiguieron. Pero es un mensaje muy peligroso para las democracias, porque los terroristas saben ahora que influyen en los procesos electorales. Pero esto fue agravado cuando, despu\u00e9s del 11-M, el gobierno se retir\u00f3 de Irak. Esto se lo ha querido compensar con soldados espa\u00f1oles en Afganist\u00e1n de una manera absurda y perjudicial para Espa\u00f1a.<br \/>\n<em>\u2014\u00bfPor qu\u00e9 absurda?<\/em><br \/>\n\u2014Porque hay cosas que no se compensan. Cuando te bajas de un tren no lo compensas subi\u00e9ndote a otro. Entonces, intentar hacerse el simp\u00e1tico con EE.UU. despu\u00e9s de haberlos dejado en la banquina es una pol\u00edtica err\u00f3nea.<br \/>\n<em>\u2014\u00bfEl env\u00edo de tropas espa\u00f1olas a Irak no influy\u00f3?<\/em><br \/>\n\u2014Espa\u00f1a no mand\u00f3 tropas a ninguna guerra. Formaba parte de la coalici\u00f3n internacional&#8230;<br \/>\n<em><br \/>\n\u2014Pero no era un pa\u00eds m\u00e1s, era un aliado clave de EE.UU.<\/em><br \/>\n\u2014Sin duda ninguna. Y estuvo donde ten\u00eda que estar cumpliendo con sus obligaciones.<br \/>\n<em>\u2014\u00bfNo pes\u00f3 en la derrota que el 70-80% de su pa\u00eds se opusiera a la guerra?<\/em><br \/>\n\u2014No, lo que influy\u00f3 es que ocurri\u00f3 lo que nunca hab\u00eda ocurrido. Y es que una oposici\u00f3n, en lugar de hacer responsables a los terroristas del atentado, hizo respon sable al gobierno y vincul\u00f3 la derrota del gobierno a Irak.<br \/>\n<em>\u2014\u00bfEl mundo es m\u00e1s seguro despu\u00e9s de la guerra?<\/em><br \/>\n\u2014El mundo es mejor sin Milosevic, sin Saddam Hussein, sin los talibanes.<br \/>\n<em><br \/>\n\u2014Pero desde entonces hubo muchos atentados&#8230;<\/em><br \/>\n\u2014Claro, pero \u00bfc\u00f3mo ser\u00eda el mundo si no se hubiese actuado en contra de ellos? El mundo de hoy tiene muchos problemas, pero es mejor de lo que era antes. Medio mundo comunista, medio mundo con talibanes, con Saddam&#8230;<br \/>\n<em><br \/>\n\u2014\u00bfY por qu\u00e9 atacar s\u00f3lo a Irak con tantos indeseables?<\/em><br \/>\n\u2014Irak era una amenaza para los gobiernos de la zona. No respet\u00f3 unas 20 resoluciones de la ONU. Hab\u00eda que terminar con eso.<br \/>\n<em><br \/>\n\u2014Convengamos que se justific\u00f3 la guerra diciendo que ten\u00edas armas prohibidas y eso fue una mentira.<\/em><br \/>\n\u2014Se hablaba del respeto a la legalidad, de las amenazas, de las armas, armas que fueron utilizadas contra varios pa\u00edses, contra su propio pueblo.<br \/>\n<em><br \/>\n\u2014Pero eso fue en los 80, contra Ir\u00e1n y contra los kurdos&#8230;<\/em><br \/>\n\u2014No, no. Hablo ya de la d\u00e9cada del 90. Saddam Hussein demostr\u00f3 que no quer\u00eda cumplir sus obligaciones. Por eso la ONU deb\u00eda reaccionar, salvo que se conviertiera en un organismo inservible.<br \/>\n<em><br \/>\n\u2014Coincidir\u00e1 conmigo en que Bush fue criticado justamente por ir a la guerra ignorando a la ONU.<br \/>\n<\/em><br \/>\n\u2014No estoy de acuerdo. Lo que hizo fue ir a la ONU, plantear all\u00ed el problema y pedir su respaldo. Hay que ser justo: Bush busc\u00f3 el consenso de la ONU.<br \/>\n<em>\u2014\u00bfY si fue as\u00ed por qu\u00e9 lo criticaron tantos pa\u00edses?<\/em><br \/>\n\u2014Criticar al pa\u00eds m\u00e1s poderoso del mundo y a su presidente forma parte de uno de los ejercicios con que se divierten muchos casi todos los d\u00edas, \u00bfno?<br \/>\n<em>\u2014\u00bfY qu\u00e9 le parece la gesti\u00f3n del actual gobierno socialista en Espa\u00f1a?<\/em><br \/>\n\u2014Es el peor gobierno que ha tenido Espa\u00f1a en toda la historia democr\u00e1tica.<br \/>\n<em>\u2014\u00bfTan duro, tan tajante?<\/em><br \/>\n\u2014Tan duro, no; es real. Incluso es peor que el anterior gobierno socialista (de Felipe Gonz\u00e1lez).<br \/>\n<em>\u2014Debe admitir que la econom\u00eda funciona muy bien&#8230;<\/em><br \/>\n\u2014Bueno, recibi\u00f3 el pa\u00eds m\u00e1s rico de los \u00faltimos a\u00f1os en Espa\u00f1a, \u00bfno?<br \/>\n<em>\u2014\u00bfEntonces en qu\u00e9 se basa para criticar tanto a los socialistas?<\/em><br \/>\n\u2014Espa\u00f1a es un pa\u00eds en riesgo. El gobierno ha destruido la pol\u00edtica antiterrorista, ha puesto en riesgo los consensos b\u00e1sicos de la transici\u00f3n espa\u00f1ola, divide a la sociedad con pol\u00edticas radicales, es el primer gobierno que en lugar de buscar el consenso y las negociaciones busca la radicalidad y los extremos&#8230;<br \/>\n<em>\u2014Bueno, eso es lo que dec\u00edan de usted en la \u00faltima parte de su mandato, cuando usted ten\u00eda la mayor\u00eda y no conversaba con el resto..<\/em><br \/>\n\u2014No, al contrario, yo conversaba con todos. Lo que pasa es que no le dec\u00eda que s\u00ed a todo el mundo.<br \/>\n<em>\u2014En \u00abRetratos y perfiles\u00bb usted anticipa que escribir\u00e1 otro libro de memorias sobre personas no incluidas en esta obra. \u00bfMencionar\u00e1 all\u00ed a Felipe Gonz\u00e1lez? Porque en el que presenta ahora no le dedica una l\u00ednea&#8230;<\/em><br \/>\n\u2014Bueno, el libro no puede ser un libro interminable. Hay muchos personajes en el mundo de los que se puede hablar.<br \/>\n<em><br \/>\n\u2014Pero convendr\u00e1 en que Felipe Gonz\u00e1lez es un personaje importante en la historia espa\u00f1ola actual.<\/em><br \/>\n\u2014S\u00ed, claro (sonr\u00ede), y hay otros m\u00e1s importantes.<\/p><\/blockquote>\n","protected":false},"excerpt":{"rendered":"<p>Aznar entrevistado en el peri\u00f3dico \u00abClar\u00edn\u00ab. No comment. \u2014Sin la presi\u00f3n del poder \u00bfqu\u00e9 autocr\u00edtica puede hacer? \u00bfDe qu\u00e9 se arrepiente? \u2014Ser\u00eda presuntuoso decir que todo lo hice bien, y est\u00fapido decir que todo lo hice mal. \u2014\u00bfY qu\u00e9 hizo mal? \u2014Seguro que hice cosas mal. Pero lo importante es el balance. Mi pa\u00eds era&hellip;&nbsp;<a href=\"https:\/\/junjan.org\/wordpress\/2005\/09\/don_erre_que_erre\/\" rel=\"bookmark\">Leer m\u00e1s &raquo;<span class=\"screen-reader-text\">Don Erre que Erre<\/span><\/a><\/p>\n","protected":false},"author":1,"featured_media":0,"comment_status":"open","ping_status":"open","sticky":false,"template":"","format":"standard","meta":{"neve_meta_sidebar":"","neve_meta_container":"","neve_meta_enable_content_width":"","neve_meta_content_width":0,"neve_meta_title_alignment":"","neve_meta_author_avatar":"","neve_post_elements_order":"","neve_meta_disable_header":"","neve_meta_disable_footer":"","neve_meta_disable_title":"","footnotes":""},"categories":[5],"tags":[230,732,729,784],"class_list":["post-604","post","type-post","status-publish","format-standard","hentry","category-actualidad","tag-aznar","tag-ejercito","tag-irak","tag-tropas"],"_links":{"self":[{"href":"https:\/\/junjan.org\/wordpress\/wp-json\/wp\/v2\/posts\/604","targetHints":{"allow":["GET"]}}],"collection":[{"href":"https:\/\/junjan.org\/wordpress\/wp-json\/wp\/v2\/posts"}],"about":[{"href":"https:\/\/junjan.org\/wordpress\/wp-json\/wp\/v2\/types\/post"}],"author":[{"embeddable":true,"href":"https:\/\/junjan.org\/wordpress\/wp-json\/wp\/v2\/users\/1"}],"replies":[{"embeddable":true,"href":"https:\/\/junjan.org\/wordpress\/wp-json\/wp\/v2\/comments?post=604"}],"version-history":[{"count":1,"href":"https:\/\/junjan.org\/wordpress\/wp-json\/wp\/v2\/posts\/604\/revisions"}],"predecessor-version":[{"id":1546,"href":"https:\/\/junjan.org\/wordpress\/wp-json\/wp\/v2\/posts\/604\/revisions\/1546"}],"wp:attachment":[{"href":"https:\/\/junjan.org\/wordpress\/wp-json\/wp\/v2\/media?parent=604"}],"wp:term":[{"taxonomy":"category","embeddable":true,"href":"https:\/\/junjan.org\/wordpress\/wp-json\/wp\/v2\/categories?post=604"},{"taxonomy":"post_tag","embeddable":true,"href":"https:\/\/junjan.org\/wordpress\/wp-json\/wp\/v2\/tags?post=604"}],"curies":[{"name":"wp","href":"https:\/\/api.w.org\/{rel}","templated":true}]}}