{"id":606,"date":"2005-09-10T03:17:15","date_gmt":"2005-09-10T03:17:15","guid":{"rendered":"http:\/\/junjan.org\/wordpress\/?p=606"},"modified":"2005-09-10T03:17:15","modified_gmt":"2005-09-10T03:17:15","slug":"libertad_versus_seguridad","status":"publish","type":"post","link":"https:\/\/junjan.org\/wordpress\/2005\/09\/libertad_versus_seguridad\/","title":{"rendered":"\u00bfLibertad versus seguridad?"},"content":{"rendered":"<p>Esta es la disyuntiva que plantea el ministro brit\u00e1nico \u00abCharles Clarke\u00bb:http:\/\/en.wikipedia.org\/wiki\/Charles_Clarke a sus socios europeos. Todo sea por dar una falsa sensaci\u00f3n de seguridad a los votantes, no vayan a enterarse que todo es una gran mentira. Dice Clarke:<\/p>\n<blockquote><p>\u00abEs necesario equilibrar derechos individuales con el derecho de la sociedad a la seguridad contra aquellos que nos atacan con la violencia terrorista.\u00bb<\/p><\/blockquote>\n<p>Pide una peque\u00f1a cesi\u00f3n aqu\u00ed, otra all\u00e1.<br \/>\n<em>\u00bfNo le molestar\u00e1 que guardemos sus datos telef\u00f3nicos? <\/em><br \/>\nNo hombre no, todo sea para atajar el terrorismo.<br \/>\n<em>\u00bfLe importa que guardemos todos sus datos electr\u00f3nicos\/inform\u00e1ticos? <\/em><br \/>\nTodas las medidas de seguridad son pocas, puede que usen comunicaciones sin encriptar.<br \/>\n<em>\u00bfCree que debemos deportar sin pruebas a los extranjeros sospechosos?<\/em><br \/>\nClaro, si uno de cada mil es un terrorista, bienvenido sea.<br \/>\n<em>Casi todos los terroristas son musulmanes \/ jud\u00edos \/ negros \/vascos \/ homosexuales \/ anarquistas, \u00bfle importa si les diferenciamos del resto de la poblaci\u00f3n con un distintivo electr\u00f3nico\/estrella amarilla? <\/em><br \/>\nNo me importa, ya soy un ciudadano de bi\u00e9n y recta moral. As\u00ed sabr\u00e9 con qui\u00e9n me trato&#8230;<br \/>\n<em>Si no da informaci\u00f3n sobre sus conocidos musulmanes \/ jud\u00edos \/ negros \/vascos \/ homosexuales \/ anarquistas ser\u00e1 tratado como ellos.<\/em><br \/>\nNo hay problema, nunca me gustaron y acabo de afiliarme al partido. \u00a1Por ah\u00ed va uno!<\/p>\n","protected":false},"excerpt":{"rendered":"<p>Esta es la disyuntiva que plantea el ministro brit\u00e1nico \u00abCharles Clarke\u00bb:http:\/\/en.wikipedia.org\/wiki\/Charles_Clarke a sus socios europeos. Todo sea por dar una falsa sensaci\u00f3n de seguridad a los votantes, no vayan a enterarse que todo es una gran mentira. Dice Clarke: \u00abEs necesario equilibrar derechos individuales con el derecho de la sociedad a la seguridad contra aquellos&hellip;&nbsp;<a href=\"https:\/\/junjan.org\/wordpress\/2005\/09\/libertad_versus_seguridad\/\" rel=\"bookmark\">Leer m\u00e1s &raquo;<span class=\"screen-reader-text\">\u00bfLibertad versus seguridad?<\/span><\/a><\/p>\n","protected":false},"author":1,"featured_media":0,"comment_status":"open","ping_status":"open","sticky":false,"template":"","format":"standard","meta":{"neve_meta_sidebar":"","neve_meta_container":"","neve_meta_enable_content_width":"","neve_meta_content_width":0,"neve_meta_title_alignment":"","neve_meta_author_avatar":"","neve_post_elements_order":"","neve_meta_disable_header":"","neve_meta_disable_footer":"","neve_meta_disable_title":"","footnotes":""},"categories":[5],"tags":[],"class_list":["post-606","post","type-post","status-publish","format-standard","hentry","category-actualidad"],"_links":{"self":[{"href":"https:\/\/junjan.org\/wordpress\/wp-json\/wp\/v2\/posts\/606","targetHints":{"allow":["GET"]}}],"collection":[{"href":"https:\/\/junjan.org\/wordpress\/wp-json\/wp\/v2\/posts"}],"about":[{"href":"https:\/\/junjan.org\/wordpress\/wp-json\/wp\/v2\/types\/post"}],"author":[{"embeddable":true,"href":"https:\/\/junjan.org\/wordpress\/wp-json\/wp\/v2\/users\/1"}],"replies":[{"embeddable":true,"href":"https:\/\/junjan.org\/wordpress\/wp-json\/wp\/v2\/comments?post=606"}],"version-history":[{"count":0,"href":"https:\/\/junjan.org\/wordpress\/wp-json\/wp\/v2\/posts\/606\/revisions"}],"wp:attachment":[{"href":"https:\/\/junjan.org\/wordpress\/wp-json\/wp\/v2\/media?parent=606"}],"wp:term":[{"taxonomy":"category","embeddable":true,"href":"https:\/\/junjan.org\/wordpress\/wp-json\/wp\/v2\/categories?post=606"},{"taxonomy":"post_tag","embeddable":true,"href":"https:\/\/junjan.org\/wordpress\/wp-json\/wp\/v2\/tags?post=606"}],"curies":[{"name":"wp","href":"https:\/\/api.w.org\/{rel}","templated":true}]}}