{"id":611,"date":"2005-09-15T11:22:26","date_gmt":"2005-09-15T11:22:26","guid":{"rendered":"http:\/\/junjan.org\/wordpress\/?p=611"},"modified":"2005-09-15T11:22:26","modified_gmt":"2005-09-15T11:22:26","slug":"graffito_nazi","status":"publish","type":"post","link":"https:\/\/junjan.org\/wordpress\/2005\/09\/graffito_nazi\/","title":{"rendered":"Graffito Nazi"},"content":{"rendered":"<p>\u00abDos j\u00f3venes graban una cruz gamada en la cara a una ovetense con una cuchilla\u00bb:http:\/\/www.lne.es\/secciones\/noticia.jsp?pIdNoticia=327802&#038;pIdSeccion=31&#038;pNumEjemplar=1031# (La Nueva Espa\u00f1a)<\/p>\n<blockquote><p>\nUna joven ovetense de 24 a\u00f1os sufri\u00f3 en la madrugada del viernes una brutal agresi\u00f3n: dos individuos \u00abcon aspecto neonazi\u00bb la asaltaron en el portal de su domicilio, en la zona de Buenavista, y le grabaron una cruz gamada (el s\u00edmbolo nazi) en la mejilla derecha, con una cuchilla.\n<\/p><\/blockquote>\n<blockquote><p>\n\u00abNo los conoc\u00eda de nada, me agarraron, y mientras me amenazaban, me cortaron la cara con un c\u00fater.\u00bb\n<\/p><\/blockquote>\n<blockquote><p>\nLa joven, que milita en las Juventudes Comunistas de Asturias y en el Sindicato de Estudiantes, pidi\u00f3 socorro a unos amigos, que la llevaron al Hospital Central, donde fue atendida en el servicio de Urgencias, donde le dieron el alta a las 3 de la madrugada.<br \/>\nA. S. no considera que haya destacado especialmente en su militancia. \u00abSoy una m\u00e1s, esto le pod\u00eda haber pasado a cualquiera\u00bb, afirma.<br \/>\nLa Polic\u00eda Nacional est\u00e1 investigando la agresi\u00f3n. \u00abLa investigaci\u00f3n sigue abierta, es el primer incidente de estas caracter\u00edsticas que se registra en la ciudad, no ha habido ninguna denuncia similar\u00bb, se\u00f1ala el portavoz de la Polic\u00eda.\n<\/p><\/blockquote>\n","protected":false},"excerpt":{"rendered":"<p>\u00abDos j\u00f3venes graban una cruz gamada en la cara a una ovetense con una cuchilla\u00bb:http:\/\/www.lne.es\/secciones\/noticia.jsp?pIdNoticia=327802&#038;pIdSeccion=31&#038;pNumEjemplar=1031# (La Nueva Espa\u00f1a) Una joven ovetense de 24 a\u00f1os sufri\u00f3 en la madrugada del viernes una brutal agresi\u00f3n: dos individuos \u00abcon aspecto neonazi\u00bb la asaltaron en el portal de su domicilio, en la zona de Buenavista, y le grabaron una&hellip;&nbsp;<a href=\"https:\/\/junjan.org\/wordpress\/2005\/09\/graffito_nazi\/\" rel=\"bookmark\">Leer m\u00e1s &raquo;<span class=\"screen-reader-text\">Graffito Nazi<\/span><\/a><\/p>\n","protected":false},"author":1,"featured_media":0,"comment_status":"open","ping_status":"open","sticky":false,"template":"","format":"standard","meta":{"neve_meta_sidebar":"","neve_meta_container":"","neve_meta_enable_content_width":"","neve_meta_content_width":0,"neve_meta_title_alignment":"","neve_meta_author_avatar":"","neve_post_elements_order":"","neve_meta_disable_header":"","neve_meta_disable_footer":"","neve_meta_disable_title":"","footnotes":""},"categories":[81],"tags":[],"class_list":["post-611","post","type-post","status-publish","format-standard","hentry","category-revista-de-prensa"],"_links":{"self":[{"href":"https:\/\/junjan.org\/wordpress\/wp-json\/wp\/v2\/posts\/611","targetHints":{"allow":["GET"]}}],"collection":[{"href":"https:\/\/junjan.org\/wordpress\/wp-json\/wp\/v2\/posts"}],"about":[{"href":"https:\/\/junjan.org\/wordpress\/wp-json\/wp\/v2\/types\/post"}],"author":[{"embeddable":true,"href":"https:\/\/junjan.org\/wordpress\/wp-json\/wp\/v2\/users\/1"}],"replies":[{"embeddable":true,"href":"https:\/\/junjan.org\/wordpress\/wp-json\/wp\/v2\/comments?post=611"}],"version-history":[{"count":0,"href":"https:\/\/junjan.org\/wordpress\/wp-json\/wp\/v2\/posts\/611\/revisions"}],"wp:attachment":[{"href":"https:\/\/junjan.org\/wordpress\/wp-json\/wp\/v2\/media?parent=611"}],"wp:term":[{"taxonomy":"category","embeddable":true,"href":"https:\/\/junjan.org\/wordpress\/wp-json\/wp\/v2\/categories?post=611"},{"taxonomy":"post_tag","embeddable":true,"href":"https:\/\/junjan.org\/wordpress\/wp-json\/wp\/v2\/tags?post=611"}],"curies":[{"name":"wp","href":"https:\/\/api.w.org\/{rel}","templated":true}]}}