{"id":612,"date":"2005-09-15T21:02:03","date_gmt":"2005-09-15T21:02:03","guid":{"rendered":"http:\/\/junjan.org\/wordpress\/?p=612"},"modified":"2005-09-15T21:02:03","modified_gmt":"2005-09-15T21:02:03","slug":"dextrgiros_y_levgiros","status":"publish","type":"post","link":"https:\/\/junjan.org\/wordpress\/2005\/09\/dextrgiros_y_levgiros\/","title":{"rendered":"Dextr\u00f3giros y lev\u00f3giros"},"content":{"rendered":"<p>Nuevo peri\u00f3dico digital llamado [\u00abEl Plural\u00bb:http:\/\/www.elplural.com\/]. Llevan muy buen camino, creo que les voy a adjudicar sin mayor demora el mote correspondiente, <em>\u00abEl Singular\u00bb<\/em>.<br \/>\nDignos contrincantes o is\u00f3meros de distinto signo rotativo de [\u00abEsclavitud anal\u00f3gica\u00bb:http:\/\/www.libertaddigital.com\/].<br \/>\nSi siguen as\u00ed nos proporcionar\u00e1n entre los dos  inteminables horas de diversi\u00f3n. Eso si, van a tener que curr\u00e1rselo mucho para conseguir comentaristas de la talla de Cesar Vidal y P\u00edo Moa&#8230;<br \/>\n<strong>\u00abEnric Sopena\u00bb:http:\/\/www.elplural.com\/opinion\/detail.php?id=130 en El Plural<\/strong><\/p>\n<blockquote><p>\u00bfQui\u00e9n es este Alcaraz que amenaza al Gobierno con manifestaciones \u201csin precedentes en la historia de Espa\u00f1a\u201d, tal como contamos en elplural.com? \u00bfQu\u00e9 est\u00e1 insinuando el presidente de la Asociaci\u00f3n de V\u00edctimas del Terrorismo? El Congreso de los Diputados aprob\u00f3 hace meses, con el apoyo de todos los partidos \u2013salvo el PP-, una propuesta del Ejecutivo para dialogar con ETA, si \u00e9sta depon\u00eda las armas y las conversaciones no inclu\u00edan concesiones pol\u00edticas como precio a pagar por el fin de la violencia.<br \/>\nEs una moci\u00f3n impecable que recoge la letra y el esp\u00edritu de los contactos entre el Gobierno Gonz\u00e1lez y ETA y, a\u00f1os despu\u00e9s, los del Gobierno Aznar. \u00bfPor qu\u00e9 se le niega ahora a Zapatero lo que s\u00ed se concedi\u00f3 a sus dos predecesores? (&#8230;)(<br \/>\nDa la impresi\u00f3n que tanto Alcaraz como los dirigentes del PP estuvieran deseando en el fondo que no prosperaran los intentos de sepultar la siniestra pesadilla que significa ETA. Es muy grave ciertamente insinuar esto. Sin embargo, m\u00e1s grave es alimentar el odio y el rencor, cerrar las puertas a la paz y que vuelvan otra vez en Espa\u00f1a a ser habituales el tiro en la nuca o los coches bombas. Como dijo ayer Zapatero, el recorrido hacia la paz ser\u00e1 largo y dif\u00edcil. Pero hay que intentarlo.\n<\/p><\/blockquote>\n<p><strong>\u00abP\u00edo Moa\u00bb:http:\/\/www.libertaddigital.com\/opiniones\/opi_desa_26977.html en Libertad Digital<\/strong><\/p>\n<blockquote><p>La colaboraci\u00f3n del gobierno con el terrorismo (corruptamente disfrazada con la palabra \u201cdi\u00e1logo\u201d, tambi\u00e9n empleada absurdamente por la oposici\u00f3n) es otro acto que s\u00f3lo puede definirse como traici\u00f3n tanto al estado de derecho como a la unidad de Espa\u00f1a, dos valores que el sonriente iluminado de la Moncloa nunca ha apreciado en lo m\u00e1s m\u00ednimo, como revelan sus discursos y actitudes.<br \/>\nEstas cosas est\u00e1n ocurriendo a la vista de todo el mundo, y la reacci\u00f3n hoy por hoy peca de insuficiente. Ello plantea un problema: \u00bfpor qu\u00e9 tanta gente muestra indiferencia ante un proceso que amenaza la libertad y la unidad de su propio pa\u00eds? Creo que la raz\u00f3n principal, al margen de las intoxicaciones del grupo PRISA, la televisi\u00f3n oficial y otros medios, consiste en la muy larga (comenz\u00f3 ya antes de la Transici\u00f3n) campa\u00f1a de desprestigio emprendida por las izquierdas y los separatistas contra cuanto signifique Espa\u00f1a. Esa campa\u00f1a ha calado en la mente de muchos ciudadanos, porque hasta hace muy poco no recib\u00eda una r\u00e9plica algo adecuada en el campo intelectual ni en el pol\u00edtico. Su base argumental consist\u00eda y consiste en oponer los ideales de democracia y libertad a Espa\u00f1a y su historia. Es decir, Espa\u00f1a no es lo bastante democr\u00e1tica para satisfacer a los asesinos terroristas, a los separatistas que continuamente atacan y merman las libertades en Vascongadas y Catalu\u00f1a y empiezan a hacerlo en Galicia, a los demagogos enterradores de Montesquieu. Entre todos esos \u201cdem\u00f3cratas\u201d nos est\u00e1n llevando a una crisis que amenaza arruinar la convivencia conseguida desde la Transici\u00f3n.\n<\/p><\/blockquote>\n<p><strong>\u00bfUniversos paralelos?<\/strong><\/p>\n","protected":false},"excerpt":{"rendered":"<p>Nuevo peri\u00f3dico digital llamado [\u00abEl Plural\u00bb:http:\/\/www.elplural.com\/]. Llevan muy buen camino, creo que les voy a adjudicar sin mayor demora el mote correspondiente, \u00abEl Singular\u00bb. Dignos contrincantes o is\u00f3meros de distinto signo rotativo de [\u00abEsclavitud anal\u00f3gica\u00bb:http:\/\/www.libertaddigital.com\/]. Si siguen as\u00ed nos proporcionar\u00e1n entre los dos inteminables horas de diversi\u00f3n. Eso si, van a tener que curr\u00e1rselo mucho&hellip;&nbsp;<a href=\"https:\/\/junjan.org\/wordpress\/2005\/09\/dextrgiros_y_levgiros\/\" rel=\"bookmark\">Leer m\u00e1s &raquo;<span class=\"screen-reader-text\">Dextr\u00f3giros y lev\u00f3giros<\/span><\/a><\/p>\n","protected":false},"author":1,"featured_media":0,"comment_status":"open","ping_status":"open","sticky":false,"template":"","format":"standard","meta":{"neve_meta_sidebar":"","neve_meta_container":"","neve_meta_enable_content_width":"","neve_meta_content_width":0,"neve_meta_title_alignment":"","neve_meta_author_avatar":"","neve_post_elements_order":"","neve_meta_disable_header":"","neve_meta_disable_footer":"","neve_meta_disable_title":"","footnotes":""},"categories":[81],"tags":[90],"class_list":["post-612","post","type-post","status-publish","format-standard","hentry","category-revista-de-prensa","tag-moa-sopena"],"_links":{"self":[{"href":"https:\/\/junjan.org\/wordpress\/wp-json\/wp\/v2\/posts\/612","targetHints":{"allow":["GET"]}}],"collection":[{"href":"https:\/\/junjan.org\/wordpress\/wp-json\/wp\/v2\/posts"}],"about":[{"href":"https:\/\/junjan.org\/wordpress\/wp-json\/wp\/v2\/types\/post"}],"author":[{"embeddable":true,"href":"https:\/\/junjan.org\/wordpress\/wp-json\/wp\/v2\/users\/1"}],"replies":[{"embeddable":true,"href":"https:\/\/junjan.org\/wordpress\/wp-json\/wp\/v2\/comments?post=612"}],"version-history":[{"count":0,"href":"https:\/\/junjan.org\/wordpress\/wp-json\/wp\/v2\/posts\/612\/revisions"}],"wp:attachment":[{"href":"https:\/\/junjan.org\/wordpress\/wp-json\/wp\/v2\/media?parent=612"}],"wp:term":[{"taxonomy":"category","embeddable":true,"href":"https:\/\/junjan.org\/wordpress\/wp-json\/wp\/v2\/categories?post=612"},{"taxonomy":"post_tag","embeddable":true,"href":"https:\/\/junjan.org\/wordpress\/wp-json\/wp\/v2\/tags?post=612"}],"curies":[{"name":"wp","href":"https:\/\/api.w.org\/{rel}","templated":true}]}}