{"id":614,"date":"2005-09-19T00:49:05","date_gmt":"2005-09-19T00:49:05","guid":{"rendered":"http:\/\/junjan.org\/wordpress\/?p=614"},"modified":"2005-09-19T00:49:05","modified_gmt":"2005-09-19T00:49:05","slug":"lo_que_hay_que_leer","status":"publish","type":"post","link":"https:\/\/junjan.org\/wordpress\/2005\/09\/lo_que_hay_que_leer\/","title":{"rendered":"Lo que hay que leer"},"content":{"rendered":"<p>[\u00abEntrevista a Carmen Calvo\u00bb:http:\/\/www.elpais.es\/articulo\/elpportec\/20050918elpepiult_1\/Tes],  <em>Ministra de Cultura<\/em> (El Pais). La verdad es que no s\u00e9 que son peores si las preguntas o las respuestas.<br \/>\nSelecci\u00f3n:<\/p>\n<blockquote><p><em>Pregunta. \u00bfC\u00f3mo calificar\u00eda su gesti\u00f3n de 1 a 10?<\/em><br \/>\nRespuesta. Con un 7,5.<br \/>\n<em>P. Notable. \u00bfMedita con frecuencia sobre su buen hacer y perfecci\u00f3n?<br \/>\n<\/em><br \/>\nR. Pienso much\u00edsimo, much\u00edsimo. Dicen algunas personas que soy atrevida, pero es que cuando pienso mucho las cosas y encuentro la certeza, me muevo poco, porque pienso mucho.<br \/>\n<em>P. Creo que se encanta. Y que en cultura se atribuye casi todo, menos haber pintado Las Meninas.<\/em><br \/>\nR. Es que he hecho muchos esfuerzos en mi proceso de crecimiento. Y soy bastante segura de m\u00ed misma. Aunque tengo un nivel de autocr\u00edtica bastante grande.<br \/>\n<em><br \/>\nP. \u00bfEn qu\u00e9 ha metido la pata?<\/em><br \/>\nR. Creo que en ser muy transparente. En pol\u00edtica hay que tener m\u00e1s truco.<br \/>\n<em>P. Jure que no compra ni un disco en la manta.<\/em><br \/>\nR. Lo juro delante de todo el santoral. Y al Gobierno lo tengo firme firm\u00edsimo.<br \/>\n<em>P. \u00bfC\u00f3mo juzga su imagen?<\/em><br \/>\nR. Pues yo creo que parezco m\u00e1s joven de lo que soy, y una mirada r\u00e1pida puede decir: \u00abMira qu\u00e9 contenta est\u00e1 \u00e9sta del l\u00edo l\u00edo\u00bb. Pero yo me paso el d\u00eda entero trabajando. Yo transmito que soy muy yo, y que voy de yo por la vida. Soy una t\u00eda a la que no doblan.Yo no renuncio a mis vaqueros ni a nada. Cuando deje de ser ministra seguir\u00e9 siendo yo, que es mi verdadero cargo.\n<\/p><\/blockquote>\n","protected":false},"excerpt":{"rendered":"<p>[\u00abEntrevista a Carmen Calvo\u00bb:http:\/\/www.elpais.es\/articulo\/elpportec\/20050918elpepiult_1\/Tes], Ministra de Cultura (El Pais). La verdad es que no s\u00e9 que son peores si las preguntas o las respuestas. Selecci\u00f3n: Pregunta. \u00bfC\u00f3mo calificar\u00eda su gesti\u00f3n de 1 a 10? Respuesta. Con un 7,5. P. Notable. \u00bfMedita con frecuencia sobre su buen hacer y perfecci\u00f3n? R. Pienso much\u00edsimo, much\u00edsimo. Dicen algunas&hellip;&nbsp;<a href=\"https:\/\/junjan.org\/wordpress\/2005\/09\/lo_que_hay_que_leer\/\" rel=\"bookmark\">Leer m\u00e1s &raquo;<span class=\"screen-reader-text\">Lo que hay que leer<\/span><\/a><\/p>\n","protected":false},"author":1,"featured_media":0,"comment_status":"open","ping_status":"open","sticky":false,"template":"","format":"standard","meta":{"neve_meta_sidebar":"","neve_meta_container":"","neve_meta_enable_content_width":"","neve_meta_content_width":0,"neve_meta_title_alignment":"","neve_meta_author_avatar":"","neve_post_elements_order":"","neve_meta_disable_header":"","neve_meta_disable_footer":"","neve_meta_disable_title":"","footnotes":""},"categories":[81],"tags":[],"class_list":["post-614","post","type-post","status-publish","format-standard","hentry","category-revista-de-prensa"],"_links":{"self":[{"href":"https:\/\/junjan.org\/wordpress\/wp-json\/wp\/v2\/posts\/614","targetHints":{"allow":["GET"]}}],"collection":[{"href":"https:\/\/junjan.org\/wordpress\/wp-json\/wp\/v2\/posts"}],"about":[{"href":"https:\/\/junjan.org\/wordpress\/wp-json\/wp\/v2\/types\/post"}],"author":[{"embeddable":true,"href":"https:\/\/junjan.org\/wordpress\/wp-json\/wp\/v2\/users\/1"}],"replies":[{"embeddable":true,"href":"https:\/\/junjan.org\/wordpress\/wp-json\/wp\/v2\/comments?post=614"}],"version-history":[{"count":0,"href":"https:\/\/junjan.org\/wordpress\/wp-json\/wp\/v2\/posts\/614\/revisions"}],"wp:attachment":[{"href":"https:\/\/junjan.org\/wordpress\/wp-json\/wp\/v2\/media?parent=614"}],"wp:term":[{"taxonomy":"category","embeddable":true,"href":"https:\/\/junjan.org\/wordpress\/wp-json\/wp\/v2\/categories?post=614"},{"taxonomy":"post_tag","embeddable":true,"href":"https:\/\/junjan.org\/wordpress\/wp-json\/wp\/v2\/tags?post=614"}],"curies":[{"name":"wp","href":"https:\/\/api.w.org\/{rel}","templated":true}]}}