{"id":619,"date":"2005-09-22T21:11:54","date_gmt":"2005-09-22T21:11:54","guid":{"rendered":"http:\/\/junjan.org\/wordpress\/?p=619"},"modified":"2005-09-22T21:11:54","modified_gmt":"2005-09-22T21:11:54","slug":"victimas_y_berdugos","status":"publish","type":"post","link":"https:\/\/junjan.org\/wordpress\/2005\/09\/victimas_y_berdugos\/","title":{"rendered":"V\u00edctimas y verdugos"},"content":{"rendered":"<p>El Mundo: \u00abLa AVT denuncia que el Ministerio de Trabajo le ha excluido de las subvenciones derivadas del IRPF\u00bb:http:\/\/www.elmundo.es\/elmundo\/2005\/09\/22\/espana\/1127383794.html<\/p>\n<blockquote><p>La Asociaci\u00f3n de V\u00edctimas del Terrorismo (AVT) ha denunciado que el Ministerio de Trabajo le ha excluido este a\u00f1o de las subvenciones derivadas del Impuesto sobre la Renta de las Personas F\u00edsicas a trav\u00e9s de los ciudadanos que marcan la casilla de &#8216;Otros fines de inter\u00e9s social&#8217;.<br \/>\nA trav\u00e9s de un comunicado, la AVT se\u00f1al\u00f3 que la decisi\u00f3n tomada por Trabajo supone que este colectivo no recibir\u00e1 dinero de la partida de 96,9 millones de euros que se distribuir\u00e1 en el presente ejercicio entre ONG y otras entidades.<br \/>\nEl ministro de Trabajo y Asuntos Sociales, Jes\u00fas Caldera, ha negado que el Gobierno vaya a retirar la subvenci\u00f3n, aunque reconoci\u00f3 que la partida destinada a apoyo a las v\u00edctimas del terrorismo en los Presupuestos Generales del Estado para 2006 tendr\u00e1 que ser repartida entre todas las asociaciones de v\u00edctimas, incluidas las recientemente creadas para agrupar a las del 11-M.<br \/>\n<strong>\u00abLa partida para las v\u00edctimas hay que repartirla entre todos. No hay negativa para la AVT. Se reparte la partida para todos, como debe ser en un pa\u00eds democr\u00e1tico\u00bb,<\/strong> explic\u00f3 Caldera a los periodistas tras participar en un acto en la sede de CEOE.<\/p><\/blockquote>\n<p>El \u00abcomunicado\u00bb:http:\/\/www.avt.org\/ de la asociaci\u00f3n dice lo siguiente:<\/p>\n<blockquote><p>La Asociaci\u00f3n de V\u00edctimas del Terrorismo desea denunciar la lamentable actitud del Ministerio de Trabajo y Asuntos Sociales, dirigido por el Sr. Caldera, qui\u00e9n ha decidido denegar a la Asociaci\u00f3n de V\u00edctimas del Terrorismo la subvenci\u00f3n correspondiente a la asignaci\u00f3n tributaria del Impuesto sobre la Renta de las Personas F\u00edsicas. Estos hechos resultan contradictorios con las palabras pronunciadas en el pasado debate sobre el Estado de la Naci\u00f3n por el Presidente del Gobierno, Sr. Rodriguez Zapatero, qui\u00e9n no dud\u00f3 en se\u00f1alar como su ejecutivo hab\u00eda aumentado considerablemente las ayudas a las distintas asociaciones de v\u00edctimas. Como se est\u00e1n encargando de demostrar los hechos, estas palabras resultan a todas luces falsas, ya que de forma claramente partidista, el Ministerio de Trabajo ha decidido excluir a la AVT del reparto de los 96.945.430 euros que los espa\u00f1oles han decidido entregar de sus impuestos en el apartado destinado a \u201cOtros fines de inter\u00e9s social\u201d. Estos hechos cuentan con un triste precedente en el a\u00f1o 1992, cuando la por entonces Ministra Matilde Fern\u00e1ndez, deneg\u00f3 a la AVT esta misma subvenci\u00f3n alegando que los objetivos asociaci\u00f3n \u201cno eran de inter\u00e9s general ni ten\u00edan car\u00e1cter prioritario\u201d.<br \/>\nEste es un episodio m\u00e1s de la campa\u00f1a de acoso y derribo contra la AVT, que hace algo m\u00e1s de un a\u00f1o emprendi\u00f3 el gobierno socialista. La presi\u00f3n que esta asociaci\u00f3n ha realizado sobre el Ministerio de Trabajo y Asuntos Sociales en distintos asuntos como en el relativo a las Medallas (renuncia a la Medalla de Oro del m\u00e9rito al trabajo), Fondos Ceca destinados al 11-M, creaci\u00f3n de la Unidad Administradora de los Fondos 11-M, etc., encuentra hoy su respuesta por parte del Ministro Caldera al no asignarnos ni un solo euro de una convocatoria que supera los DIECISEIS MIL MILLONES de las antiguas PESETAS, ampar\u00e1ndose en la discrecionalidad de la aplicaci\u00f3n de los criterios de valoraci\u00f3n y \u201cante la limitaci\u00f3n de cr\u00e9dito existente para atender la totalidad de los programas solicitados\u201d.<br \/>\nPor ello, queremos informar a todos los espa\u00f1oles que en su declaraci\u00f3n de renta  marcaron  la casilla se\u00f1alada como \u201cOtros fines de inter\u00e9s social\u201d, que la AVT, asociaci\u00f3n que ostenta la Declaraci\u00f3n de Utilidad P\u00fablica, no recibir\u00e1 ni un solo euro de sus impuestos.<\/p><\/blockquote>\n<p>Por lo tanto, y ya que dos y dos son cuatro, uno de los miente, o el ministro o la asociaci\u00f3n.<br \/>\nVeremos.<\/p>\n","protected":false},"excerpt":{"rendered":"<p>El Mundo: \u00abLa AVT denuncia que el Ministerio de Trabajo le ha excluido de las subvenciones derivadas del IRPF\u00bb:http:\/\/www.elmundo.es\/elmundo\/2005\/09\/22\/espana\/1127383794.html La Asociaci\u00f3n de V\u00edctimas del Terrorismo (AVT) ha denunciado que el Ministerio de Trabajo le ha excluido este a\u00f1o de las subvenciones derivadas del Impuesto sobre la Renta de las Personas F\u00edsicas a trav\u00e9s de los&hellip;&nbsp;<a href=\"https:\/\/junjan.org\/wordpress\/2005\/09\/victimas_y_berdugos\/\" rel=\"bookmark\">Leer m\u00e1s &raquo;<span class=\"screen-reader-text\">V\u00edctimas y verdugos<\/span><\/a><\/p>\n","protected":false},"author":1,"featured_media":0,"comment_status":"open","ping_status":"open","sticky":false,"template":"","format":"standard","meta":{"neve_meta_sidebar":"","neve_meta_container":"","neve_meta_enable_content_width":"","neve_meta_content_width":0,"neve_meta_title_alignment":"","neve_meta_author_avatar":"","neve_post_elements_order":"","neve_meta_disable_header":"","neve_meta_disable_footer":"","neve_meta_disable_title":"","footnotes":""},"categories":[5],"tags":[92],"class_list":["post-619","post","type-post","status-publish","format-standard","hentry","category-actualidad","tag-avt-subvencion-terrorismo"],"_links":{"self":[{"href":"https:\/\/junjan.org\/wordpress\/wp-json\/wp\/v2\/posts\/619","targetHints":{"allow":["GET"]}}],"collection":[{"href":"https:\/\/junjan.org\/wordpress\/wp-json\/wp\/v2\/posts"}],"about":[{"href":"https:\/\/junjan.org\/wordpress\/wp-json\/wp\/v2\/types\/post"}],"author":[{"embeddable":true,"href":"https:\/\/junjan.org\/wordpress\/wp-json\/wp\/v2\/users\/1"}],"replies":[{"embeddable":true,"href":"https:\/\/junjan.org\/wordpress\/wp-json\/wp\/v2\/comments?post=619"}],"version-history":[{"count":0,"href":"https:\/\/junjan.org\/wordpress\/wp-json\/wp\/v2\/posts\/619\/revisions"}],"wp:attachment":[{"href":"https:\/\/junjan.org\/wordpress\/wp-json\/wp\/v2\/media?parent=619"}],"wp:term":[{"taxonomy":"category","embeddable":true,"href":"https:\/\/junjan.org\/wordpress\/wp-json\/wp\/v2\/categories?post=619"},{"taxonomy":"post_tag","embeddable":true,"href":"https:\/\/junjan.org\/wordpress\/wp-json\/wp\/v2\/tags?post=619"}],"curies":[{"name":"wp","href":"https:\/\/api.w.org\/{rel}","templated":true}]}}