{"id":621,"date":"2005-09-22T22:19:44","date_gmt":"2005-09-22T22:19:44","guid":{"rendered":"http:\/\/junjan.org\/wordpress\/?p=621"},"modified":"2005-09-22T22:19:44","modified_gmt":"2005-09-22T22:19:44","slug":"seguridad_global","status":"publish","type":"post","link":"https:\/\/junjan.org\/wordpress\/2005\/09\/seguridad_global\/","title":{"rendered":"Seguridad global"},"content":{"rendered":"<p>Siguiendo con el tema de la [\u00abseguridad, la libertad y la protecci\u00f3n de datos\u00bb:http:\/\/www.junjan.org\/weblog\/archives\/2005\/09\/10\/libertad_versus_seguridad.html], la campa\u00f1a \u00ab[\u00abData Retention is no solution\u00bb:http:\/\/www.dataretentionisnosolution.com\/index.php?lang=es]\u00bb (La retenci\u00f3n de datos no es la soluci\u00f3n) ha organizado una recogida de firmas para intentar bloquear esta orwelliana iniciativa del parlamento europeo.<\/p>\n<blockquote><p>\n\u00a1La retenci\u00f3n de datos no es la soluci\u00f3n!<br \/>\nLos ministros europeos de Justicia y la Comisi\u00f3n Europea quieren almacenar todo el tr\u00e1fico telef\u00f3nico y de Internet de 450 millones de europeos. Si te preocupa un plan as\u00ed, te pedimos que firmes esta petici\u00f3n.<br \/>\n\u00bfQu\u00e9 hay de malo en la retenci\u00f3n de datos? La propuesta de retener los datos de tr\u00e1fico revelar\u00e1 quien ha estado llamando o enviando correos a quien, qu\u00e9 websites visita la gente e incluso donde estaban con sus tel\u00e9fonos m\u00f3viles. Se ordenar\u00e1 a las compa\u00f1\u00edas telef\u00f3nicas y a los proveedores de Internet que almacenen todos los datos de tr\u00e1fico de sus clientes. Las agencias de polic\u00eda y de inteligencia de Europa tendr\u00e1n garantizado el acceso a esos datos. Diversas propuestas en competici\u00f3n actualmente en Bruselas hablan de per\u00edodos de retenci\u00f3n de entre seis meses a cuatro a\u00f1os.<br \/>\nLa retenci\u00f3n de datos es una t\u00e9cnica invasiva que interfiere con las vidas privadas de 450 millones de europeos. La retenci\u00f3n de datos es una pol\u00edtica que expande las capacidades de vigilancia de una forma sin precedentes. De forma simult\u00e1nea revoca muchas de las garant\u00edas de los instrumentos europeos en favor de los derechos humanos, como las directivas de protecci\u00f3n de datos y la Convenci\u00f3n Europea de los Derechos Humanos.<br \/>\nLa retenci\u00f3n de datos implica que los gobiernos pueden interferir con tu vida privada y las comunicaciones privadas sin importar si eres o no sospechoso de un crimen.<br \/>\n\u00a1La retenci\u00f3n de datos no es una soluci\u00f3n para el terrorismo y el crimen!\n<\/p><\/blockquote>\n<p><strong>\u00a1Firma ya!<\/strong><\/p>\n","protected":false},"excerpt":{"rendered":"<p>Siguiendo con el tema de la [\u00abseguridad, la libertad y la protecci\u00f3n de datos\u00bb:http:\/\/www.junjan.org\/weblog\/archives\/2005\/09\/10\/libertad_versus_seguridad.html], la campa\u00f1a \u00ab[\u00abData Retention is no solution\u00bb:http:\/\/www.dataretentionisnosolution.com\/index.php?lang=es]\u00bb (La retenci\u00f3n de datos no es la soluci\u00f3n) ha organizado una recogida de firmas para intentar bloquear esta orwelliana iniciativa del parlamento europeo. \u00a1La retenci\u00f3n de datos no es la soluci\u00f3n! Los ministros europeos&hellip;&nbsp;<a href=\"https:\/\/junjan.org\/wordpress\/2005\/09\/seguridad_global\/\" rel=\"bookmark\">Leer m\u00e1s &raquo;<span class=\"screen-reader-text\">Seguridad global<\/span><\/a><\/p>\n","protected":false},"author":1,"featured_media":0,"comment_status":"open","ping_status":"open","sticky":false,"template":"","format":"standard","meta":{"neve_meta_sidebar":"","neve_meta_container":"","neve_meta_enable_content_width":"","neve_meta_content_width":0,"neve_meta_title_alignment":"","neve_meta_author_avatar":"","neve_post_elements_order":"","neve_meta_disable_header":"","neve_meta_disable_footer":"","neve_meta_disable_title":"","footnotes":""},"categories":[5],"tags":[],"class_list":["post-621","post","type-post","status-publish","format-standard","hentry","category-actualidad"],"_links":{"self":[{"href":"https:\/\/junjan.org\/wordpress\/wp-json\/wp\/v2\/posts\/621","targetHints":{"allow":["GET"]}}],"collection":[{"href":"https:\/\/junjan.org\/wordpress\/wp-json\/wp\/v2\/posts"}],"about":[{"href":"https:\/\/junjan.org\/wordpress\/wp-json\/wp\/v2\/types\/post"}],"author":[{"embeddable":true,"href":"https:\/\/junjan.org\/wordpress\/wp-json\/wp\/v2\/users\/1"}],"replies":[{"embeddable":true,"href":"https:\/\/junjan.org\/wordpress\/wp-json\/wp\/v2\/comments?post=621"}],"version-history":[{"count":0,"href":"https:\/\/junjan.org\/wordpress\/wp-json\/wp\/v2\/posts\/621\/revisions"}],"wp:attachment":[{"href":"https:\/\/junjan.org\/wordpress\/wp-json\/wp\/v2\/media?parent=621"}],"wp:term":[{"taxonomy":"category","embeddable":true,"href":"https:\/\/junjan.org\/wordpress\/wp-json\/wp\/v2\/categories?post=621"},{"taxonomy":"post_tag","embeddable":true,"href":"https:\/\/junjan.org\/wordpress\/wp-json\/wp\/v2\/tags?post=621"}],"curies":[{"name":"wp","href":"https:\/\/api.w.org\/{rel}","templated":true}]}}