{"id":625,"date":"2005-10-02T16:35:45","date_gmt":"2005-10-02T16:35:45","guid":{"rendered":"http:\/\/junjan.org\/wordpress\/?p=625"},"modified":"2011-06-24T11:18:18","modified_gmt":"2011-06-24T09:18:18","slug":"la_pastilla","status":"publish","type":"post","link":"https:\/\/junjan.org\/wordpress\/2005\/10\/la_pastilla\/","title":{"rendered":"La pastilla"},"content":{"rendered":"<p>&#8211;V\u00eda <a href=\"http:\/\/www.escolar.net\/MT\/archives\/2005\/10\/golpe_de_estado_1.html\" target=\"_blank\">Escolar.net<\/a>&#8212;<br \/>\nSi, FJL sigue sin tomarse la pastilla. El <em>delirium tremens<\/em> le inunda otra vez en su art\u00edculo, \u00ab<a href=\"http:\/\/www.libertaddigital.es\/opiniones\/opi_desa_27268.html\" target=\"_blank\">El nuevo Golpe de Estado PSOE-ERC<\/a>\u00ab.<\/p>\n<blockquote><p>Este Golpe de Estado, como el de Primo en 1923 que liquid\u00f3 el r\u00e9gimen de la monarqu\u00eda constitucional ideado por C\u00e1novas, nace tambi\u00e9n en Barcelona y a la sombra de las grandes empresas y fortunas catalanas, que fueron a despedir al general golpista a la Estaci\u00f3n camino de Madrid y que, en esta ocasi\u00f3n han pedido p\u00fablicamente la aprobaci\u00f3n de este Estatuto anticonstitucional y antinacional del que pueden sentirse orgullosos. Este Golpe de Estado cuenta tambi\u00e9n, como el de entonces, con el respaldo del Rey, al que los socialistas echaron luego la culpa de la implantaci\u00f3n de un r\u00e9gimen dictatorial del que ellos mismos se apresuraron a formar parte. Largo Caballero y Prieto, que colaboraron con la dictadura de Primo de Rivera, el primero nada menos que como Secretario de Estado de Trabajo, fueron los mismos que condenaron al exilio y luego a la ignominia a Alfonso XIII y los mismos que en 1934 perpetraron junto a ERC el Golpe de Estado que, de hecho, dio origen a la guerra civil. La Historia tampoco ense\u00f1a nada a las dinast\u00edas.<br \/>\nEn fin, a este nuevo Golpe de Estado del PSOE y ERC, que no es el primero pero s\u00ed parece el definitivo, s\u00f3lo le falta un requisito para perfilar su definici\u00f3n y rematar inequ\u00edvocamente su condici\u00f3n golpista: negarse a consultar esta reforma que, en rigor, supone la liquidaci\u00f3n de la Constituci\u00f3n Espa\u00f1ola de 1978. As\u00ed lo ha planteado con toda claridad el Partido Popular, representante de diez millones de espa\u00f1oles, al exigir que Zapatero, impulsor m\u00e1ximo aunque no \u00fanico de este Golpe de Estado disfrazado de reforma estatutaria, disuelva las Cortes y convoque elecciones generales o, como m\u00ednimo, convoque el refer\u00e9ndum a que la propia Constituci\u00f3n obliga si se quiere legalmente reformarla. Pero todo Golpe de Estado se caracteriza por su desprecio a la legalidad y su imposici\u00f3n de una nueva realidad por la fuerza o tergiversando la Ley. Este Golpe de Estado, insistimos, no es el primero perpetrado por el PSOE y ERC. No es tampoco el primero amparado por un Rey de Espa\u00f1a. Pero puede ser el \u00faltimo y definitivo. Depende de esa naci\u00f3n a traici\u00f3n disuelta. O, al menos, de esa media naci\u00f3n que, como en 1934, 1936 y 1976, no se resigna a morir.<\/p><\/blockquote>\n<p>Nada extra\u00f1o teniendo en cuenta su recurrente man\u00eda persecutoria, c\u00edclica casi. Ver:<br \/>\n&#8211; \u00ab<a href=\"http:\/\/www.libertaddigital.es\/php3\/opi_desa.php3?cpn=16674\" target=\"_blank\">El golpe de Estado permanente<\/a>\u00bb (Diciembre de 2003)<br \/>\n&#8211; \u00ab<a href=\"http:\/\/www.libertaddigital.es\/php3\/opi_desa.php3?cpn=10248\" target=\"_blank\">El Golpe de Estado del PNV<\/a>\u00bb (Julio de 2002)<br \/>\n<strong>\u00bfCu\u00e1ntas veces tendremos que soportar su rid\u00edculas diatribas?<\/strong><\/p>\n","protected":false},"excerpt":{"rendered":"<p>&#8211;V\u00eda Escolar.net&#8212; Si, FJL sigue sin tomarse la pastilla. El delirium tremens le inunda otra vez en su art\u00edculo, \u00abEl nuevo Golpe de Estado PSOE-ERC\u00ab. Este Golpe de Estado, como el de Primo en 1923 que liquid\u00f3 el r\u00e9gimen de la monarqu\u00eda constitucional ideado por C\u00e1novas, nace tambi\u00e9n en Barcelona y a la sombra de&hellip;&nbsp;<a href=\"https:\/\/junjan.org\/wordpress\/2005\/10\/la_pastilla\/\" rel=\"bookmark\">Leer m\u00e1s &raquo;<span class=\"screen-reader-text\">La pastilla<\/span><\/a><\/p>\n","protected":false},"author":1,"featured_media":0,"comment_status":"open","ping_status":"open","sticky":false,"template":"","format":"standard","meta":{"neve_meta_sidebar":"","neve_meta_container":"","neve_meta_enable_content_width":"","neve_meta_content_width":0,"neve_meta_title_alignment":"","neve_meta_author_avatar":"","neve_post_elements_order":"","neve_meta_disable_header":"","neve_meta_disable_footer":"","neve_meta_disable_title":"","footnotes":""},"categories":[81],"tags":[95,734],"class_list":["post-625","post","type-post","status-publish","format-standard","hentry","category-revista-de-prensa","tag-estatut","tag-losantos"],"_links":{"self":[{"href":"https:\/\/junjan.org\/wordpress\/wp-json\/wp\/v2\/posts\/625","targetHints":{"allow":["GET"]}}],"collection":[{"href":"https:\/\/junjan.org\/wordpress\/wp-json\/wp\/v2\/posts"}],"about":[{"href":"https:\/\/junjan.org\/wordpress\/wp-json\/wp\/v2\/types\/post"}],"author":[{"embeddable":true,"href":"https:\/\/junjan.org\/wordpress\/wp-json\/wp\/v2\/users\/1"}],"replies":[{"embeddable":true,"href":"https:\/\/junjan.org\/wordpress\/wp-json\/wp\/v2\/comments?post=625"}],"version-history":[{"count":2,"href":"https:\/\/junjan.org\/wordpress\/wp-json\/wp\/v2\/posts\/625\/revisions"}],"predecessor-version":[{"id":1724,"href":"https:\/\/junjan.org\/wordpress\/wp-json\/wp\/v2\/posts\/625\/revisions\/1724"}],"wp:attachment":[{"href":"https:\/\/junjan.org\/wordpress\/wp-json\/wp\/v2\/media?parent=625"}],"wp:term":[{"taxonomy":"category","embeddable":true,"href":"https:\/\/junjan.org\/wordpress\/wp-json\/wp\/v2\/categories?post=625"},{"taxonomy":"post_tag","embeddable":true,"href":"https:\/\/junjan.org\/wordpress\/wp-json\/wp\/v2\/tags?post=625"}],"curies":[{"name":"wp","href":"https:\/\/api.w.org\/{rel}","templated":true}]}}