{"id":627,"date":"2005-10-05T00:40:22","date_gmt":"2005-10-05T00:40:22","guid":{"rendered":"http:\/\/junjan.org\/wordpress\/?p=627"},"modified":"2005-10-05T00:40:22","modified_gmt":"2005-10-05T00:40:22","slug":"la_caja_de_pastillas","status":"publish","type":"post","link":"https:\/\/junjan.org\/wordpress\/2005\/10\/la_caja_de_pastillas\/","title":{"rendered":"La caja de pastillas"},"content":{"rendered":"<p>FJL tiene definitivamente que volver a [\u00abtomar la pastilla\u00bb:http:\/\/www.junjan.org\/weblog\/archives\/2005\/10\/02\/la_pastilla.html], pero alguno de sus colaboradores no le sigue muy de lejos. Van a tener que comprar la caja entera de transilium. Leed, leed&#8230; [\u00abPeor que un golpe de Estado\u00bb:http:\/\/www.libertaddigital.com\/opiniones\/opi_desa_27291.html], por Agapito Maestre.<\/p>\n<blockquote><p>\n\u00abTan dram\u00e1tico ser\u00eda un Estatuto surgido de un golpe de Estado como un golpe de Estado surgido desde la aprobaci\u00f3n de un Estatuto. Pero ambas opciones no parecen plausibles para caracterizar lo que est\u00e1 pasando. Esta es la tragedia de Espa\u00f1a. Claro que las consecuencias son desastrosas, pero no deber\u00edamos insistir en el golpe de Estado, porque quiz\u00e1 perder\u00edamos del an\u00e1lisis algunos factores capitales para analizar el proceso de destrucci\u00f3n de Espa\u00f1a. Sin duda alguna, hay paralelismos hist\u00f3ricos entre la aprobaci\u00f3n del Estatuto de Catalu\u00f1a del viernes y sucesos golpistas del pasado, pero no creo que podamos despreciar la novedad hist\u00f3rica de la actualidad. Tres factores, en mi opini\u00f3n, me impiden hablar de algo parecido a un golpe de Estados \u201clegal\u201d. Son tres asuntos de la actualidad, o del pasado reciente, que priman sobre interpretaciones, por lo dem\u00e1s muy respetables, historicistas.<br \/>\nEn primer lugar, no podemos despreciar que estamos ante un presidente de Gobierno, casi por primera vez en la historia contempor\u00e1nea, que puede calificarse de muchos modos, pero, desde luego, no creo errar si decimos que es un indigente mental, naturalmente, desde el punto de vista pol\u00edtico. Este hombre no sabe otra cosa que entregarse a Maragall que no es sino una manera de acabar con Espa\u00f1a. (&#8230;)<br \/>\nEn segundo lugar, el engendro inconstitucional, si se quiere anticonstitucional, del Estatuto es producto de una Constituci\u00f3n abierta, casi un atropello jur\u00eddico, que s\u00f3lo unos cuantos hemos denunciado en los \u00faltimos veinte a\u00f1os. Los profesorcitos de derecho Constitucional siempre han hablado mal de ella en privado, pero jam\u00e1s se han atrevido a opinar en p\u00fablico sobre la necesidad de cerrarla. El Estatuto es inconstitucional, pues, en el fondo, pero los mecanismos para su aprobaci\u00f3n son, desgraciadamente, constitucionales. No hay pa\u00eds democr\u00e1tico, como no sea Espa\u00f1a, que haya dicho que la reforma de Estatutos no dependa del Estado central como podemos hacerle decir nosotros la Constituci\u00f3n del 78. Y, en tercer lugar, hay una injust\u00edsima y horrible ley electoral, que privilegia a los nacionalistas, pero que nadie, incluido el PP, ha querido reformar en los \u00faltimos veinticinco a\u00f1os\u2026\u00bb\n<\/p><\/blockquote>\n<p>Os recuerdo que pasar, lo que se dice pasar, todav\u00eda no ha pasado nada. El parlamento catal\u00e1n ha presentado un discutible estatuto a las Cortes. En caso de aprobarse lo har\u00e1 muy modificado, bien pensado, probablemente se ha aprobado de \u00e9sta manera contando con que iba a ser modificado en Madrid ([\u00abalguno\u00bb:http:\/\/periodistas21.blogspot.com\/2005\/09\/volem-blog-de-lestatut.html] ya ha querido ver el juego de poli bueno y poli malo). Y en el muy hipot\u00e9tico caso de que se aprobarse sin modificar, acabar\u00eda con toda probabilidad en el tribunal constitucional.<br \/>\nLa cosa va para largo y muchos ya est\u00e1n para ir a la habitaci\u00f3n acolchada.<br \/>\nAdem\u00e1s:<br \/>\n\u00bfEs tan mala una Espa\u00f1a plurinacional o federal? \u00bfVa a llover menos todav\u00eda? \u00bfSe va a caer m\u00e1s el pelo? \u00bfSe dejar\u00e1n de fabricar salchichones? \u00bfProduce impotencia?<\/p>\n","protected":false},"excerpt":{"rendered":"<p>FJL tiene definitivamente que volver a [\u00abtomar la pastilla\u00bb:http:\/\/www.junjan.org\/weblog\/archives\/2005\/10\/02\/la_pastilla.html], pero alguno de sus colaboradores no le sigue muy de lejos. Van a tener que comprar la caja entera de transilium. Leed, leed&#8230; [\u00abPeor que un golpe de Estado\u00bb:http:\/\/www.libertaddigital.com\/opiniones\/opi_desa_27291.html], por Agapito Maestre. \u00abTan dram\u00e1tico ser\u00eda un Estatuto surgido de un golpe de Estado como un golpe&hellip;&nbsp;<a href=\"https:\/\/junjan.org\/wordpress\/2005\/10\/la_caja_de_pastillas\/\" rel=\"bookmark\">Leer m\u00e1s &raquo;<span class=\"screen-reader-text\">La caja de pastillas<\/span><\/a><\/p>\n","protected":false},"author":1,"featured_media":0,"comment_status":"open","ping_status":"open","sticky":false,"template":"","format":"standard","meta":{"neve_meta_sidebar":"","neve_meta_container":"","neve_meta_enable_content_width":"","neve_meta_content_width":0,"neve_meta_title_alignment":"","neve_meta_author_avatar":"","neve_post_elements_order":"","neve_meta_disable_header":"","neve_meta_disable_footer":"","neve_meta_disable_title":"","footnotes":""},"categories":[81],"tags":[],"class_list":["post-627","post","type-post","status-publish","format-standard","hentry","category-revista-de-prensa"],"_links":{"self":[{"href":"https:\/\/junjan.org\/wordpress\/wp-json\/wp\/v2\/posts\/627","targetHints":{"allow":["GET"]}}],"collection":[{"href":"https:\/\/junjan.org\/wordpress\/wp-json\/wp\/v2\/posts"}],"about":[{"href":"https:\/\/junjan.org\/wordpress\/wp-json\/wp\/v2\/types\/post"}],"author":[{"embeddable":true,"href":"https:\/\/junjan.org\/wordpress\/wp-json\/wp\/v2\/users\/1"}],"replies":[{"embeddable":true,"href":"https:\/\/junjan.org\/wordpress\/wp-json\/wp\/v2\/comments?post=627"}],"version-history":[{"count":0,"href":"https:\/\/junjan.org\/wordpress\/wp-json\/wp\/v2\/posts\/627\/revisions"}],"wp:attachment":[{"href":"https:\/\/junjan.org\/wordpress\/wp-json\/wp\/v2\/media?parent=627"}],"wp:term":[{"taxonomy":"category","embeddable":true,"href":"https:\/\/junjan.org\/wordpress\/wp-json\/wp\/v2\/categories?post=627"},{"taxonomy":"post_tag","embeddable":true,"href":"https:\/\/junjan.org\/wordpress\/wp-json\/wp\/v2\/tags?post=627"}],"curies":[{"name":"wp","href":"https:\/\/api.w.org\/{rel}","templated":true}]}}