{"id":630,"date":"2005-10-06T18:28:57","date_gmt":"2005-10-06T18:28:57","guid":{"rendered":"http:\/\/junjan.org\/wordpress\/?p=630"},"modified":"2005-10-06T18:28:57","modified_gmt":"2005-10-06T18:28:57","slug":"tristes_consecuencias","status":"publish","type":"post","link":"https:\/\/junjan.org\/wordpress\/2005\/10\/tristes_consecuencias\/","title":{"rendered":"Tristes consecuencias"},"content":{"rendered":"<p>La actitud del gobierno espa\u00f1ol en su actual \u00abguerra contra la inmigraci\u00f3n ilegal\u00bb est\u00e1 teniendo las previsibles consecuencias.<br \/>\n<strong>Una<\/strong> ([\u00abCadenaSer\u00bb:http:\/\/www.cadenaser.com\/articuloGoogle.html?d_date=20051006&#038;xref=20051006csrcsrsoc_3&#038;type=Tes&#038;anchor=])<\/p>\n<blockquote><p><strong>&#8216;SOS Inmigraci\u00f3n&#8217; denuncia que Marruecos est\u00e1 cometiendo \u00abun genocidio\u00bb con los inmigrantes. <\/strong><br \/>\nEl coordinador general de \u2018SOS Inmigraci\u00f3n\u2019, Diego Lorente, ha asegurado en los micr\u00f3fonos de la Cadena SER que el Gobierno de Marruecos est\u00e1 trasladando a centenares de inmigrantes subsaharianos al desierto del S\u00e1hara, \u201cdonde son abandonados a su suerte\u201d.<br \/>\nSeg\u00fan Lorente estamos hablando de al menos mil inmigrantes que est\u00e1n siendo deportados, \u201csin abogado, ni traductores\u201d, a la frontera con Argelia y Mauritania, <strong>en mitad del desierto, y donde \u201cmueren cuatro de cada diez personas\u201d.<\/strong><br \/>\nEsta ONG denuncia que los subsaharianos son previamente maltratados por la polic\u00eda marroqu\u00ed, y \u201cmueren en los autobuses en los que son trasladado\u201d. \u2018SOS Inmigraci\u00f3n\u2019 habla de <strong>\u201cviolaciones de ni\u00f1os y mujeres probadas\u201d<\/strong>, de las que han recogido los testimonios de varias v\u00edctimas.<br \/>\nDiego Lorente, quien ha sido entrevistado en el informativo \u2018Hora 14\u2019 ha acusado al Gobierno espa\u00f1ol y a la Uni\u00f3n Europea de <strong>\u201ccorresponsables de estas violaciones de Derechos Humanos\u201d <\/strong>que seg\u00fan \u00e9l se est\u00e1n produciendo en Marruecos. \u201cLo que no puede ser es que se de actividad a un acuerdo \u2013el protocolo de repatriaci\u00f3n de 1992- sin exigir un seguimiento de lo que est\u00e1 ocurriendo\u201d con los repatriados.<\/p><\/blockquote>\n<p><strong>Dos<\/strong> ([\u00abEl Pa\u00eds\u00bb:http:\/\/www.elpais.es\/articulo\/elpporesp\/20051006elpepunac_1\/Tes])<\/p>\n<blockquote><p>\n<strong>Marruecos confirma la muerte de seis inmigrantes en el \u00faltimo salto masivo a la valla de Melilla . <\/strong><br \/>\nDada la fuerza inusitada de los inmigrantes, que estaban pose\u00eddos por la fuerza de la desesperaci\u00f3n, la polic\u00eda [marroqu\u00ed] ha defendido leg\u00edtimamente sus puestos de vigilancia frente a la alambrada y seis inmigrantes clandestinos han encontrado la muerte\u00bb, ha se\u00f1alado el Ministerio del Interior marroqu\u00ed a AFP. La misma fuente ha precisado que algunos de los inmigrantes subsaharianos han muerto \u00abpor disparos de bala\u00bb y otros \u00abaplastados\u00bb por sus propios camaradas, al tiempo que ha informado de que otros 30 clandestinos han resultado heridos.\n<\/p><\/blockquote>\n<p>Y es que no se puede dar una de cal y otra de arena en un tema que ata\u00f1e a millares de personas inocentes que s\u00f3lo quieren sobrevivir y no morir al pie de una valla o en medio de un desierto que ya tuvieron que cruzar. No se puede dejar en manos del gobierno de Marruecos la soluci\u00f3n del problema y pensar que no lo van a remediar a palos. No se pueden dar lecciones de humanidad y buenas maneras en la ONU, y luego dedicarse a construir \u00abvallas con alambre de espino\u00bb en vez de \u00abcentros de atenci\u00f3n\u00bb.<\/p>\n","protected":false},"excerpt":{"rendered":"<p>La actitud del gobierno espa\u00f1ol en su actual \u00abguerra contra la inmigraci\u00f3n ilegal\u00bb est\u00e1 teniendo las previsibles consecuencias. Una ([\u00abCadenaSer\u00bb:http:\/\/www.cadenaser.com\/articuloGoogle.html?d_date=20051006&#038;xref=20051006csrcsrsoc_3&#038;type=Tes&#038;anchor=]) &#8216;SOS Inmigraci\u00f3n&#8217; denuncia que Marruecos est\u00e1 cometiendo \u00abun genocidio\u00bb con los inmigrantes. El coordinador general de \u2018SOS Inmigraci\u00f3n\u2019, Diego Lorente, ha asegurado en los micr\u00f3fonos de la Cadena SER que el Gobierno de Marruecos est\u00e1&hellip;&nbsp;<a href=\"https:\/\/junjan.org\/wordpress\/2005\/10\/tristes_consecuencias\/\" rel=\"bookmark\">Leer m\u00e1s &raquo;<span class=\"screen-reader-text\">Tristes consecuencias<\/span><\/a><\/p>\n","protected":false},"author":1,"featured_media":0,"comment_status":"open","ping_status":"open","sticky":false,"template":"","format":"standard","meta":{"neve_meta_sidebar":"","neve_meta_container":"","neve_meta_enable_content_width":"","neve_meta_content_width":0,"neve_meta_title_alignment":"","neve_meta_author_avatar":"","neve_post_elements_order":"","neve_meta_disable_header":"","neve_meta_disable_footer":"","neve_meta_disable_title":"","footnotes":""},"categories":[5],"tags":[],"class_list":["post-630","post","type-post","status-publish","format-standard","hentry","category-actualidad"],"_links":{"self":[{"href":"https:\/\/junjan.org\/wordpress\/wp-json\/wp\/v2\/posts\/630","targetHints":{"allow":["GET"]}}],"collection":[{"href":"https:\/\/junjan.org\/wordpress\/wp-json\/wp\/v2\/posts"}],"about":[{"href":"https:\/\/junjan.org\/wordpress\/wp-json\/wp\/v2\/types\/post"}],"author":[{"embeddable":true,"href":"https:\/\/junjan.org\/wordpress\/wp-json\/wp\/v2\/users\/1"}],"replies":[{"embeddable":true,"href":"https:\/\/junjan.org\/wordpress\/wp-json\/wp\/v2\/comments?post=630"}],"version-history":[{"count":0,"href":"https:\/\/junjan.org\/wordpress\/wp-json\/wp\/v2\/posts\/630\/revisions"}],"wp:attachment":[{"href":"https:\/\/junjan.org\/wordpress\/wp-json\/wp\/v2\/media?parent=630"}],"wp:term":[{"taxonomy":"category","embeddable":true,"href":"https:\/\/junjan.org\/wordpress\/wp-json\/wp\/v2\/categories?post=630"},{"taxonomy":"post_tag","embeddable":true,"href":"https:\/\/junjan.org\/wordpress\/wp-json\/wp\/v2\/tags?post=630"}],"curies":[{"name":"wp","href":"https:\/\/api.w.org\/{rel}","templated":true}]}}