{"id":633,"date":"2005-10-11T00:53:14","date_gmt":"2005-10-11T00:53:14","guid":{"rendered":"http:\/\/junjan.org\/wordpress\/?p=633"},"modified":"2005-10-11T00:53:14","modified_gmt":"2005-10-11T00:53:14","slug":"autocrtica_por_defecto","status":"publish","type":"post","link":"https:\/\/junjan.org\/wordpress\/2005\/10\/autocrtica_por_defecto\/","title":{"rendered":"Autocr\u00edtica por defecto"},"content":{"rendered":"<p>Me he le\u00eddo la cr\u00f3nica escrita por la vicepresidenta de su viaje a Marruecos. Sorprenden la ecuanimidad y la autocr\u00edtica que inundan del texto:<\/p>\n<blockquote><p>El pasillo fronterizo perfectamente iluminado y asfaltado se convierte en una extensa l\u00ednea recta con tramos de grandes cuestas que serpentean el camino. El ruido de los motores del helic\u00f3ptero que sobrevuela la zona, por incesante se convierte en familiar. A pesar de la perfecta iluminaci\u00f3n se acrecienta la sensaci\u00f3n de oscuridad del otro lado. La tranquilidad es total. Nuestros efectivos transmiten plena seguridad. No me cabe la menor duda de que estamos en las buenas manos.<\/p><\/blockquote>\n<p>Y eso que hace cinco d\u00edas, fuentes gubernamentales calificaron de \u00abtercermundistas\u00bb las vallas de Ceuta y Melilla, y dijeron:  <em>\u00abSirven para proteger una finca, pero no una frontera\u00bb<\/em>. Se ve que ha mejorado en muy poco tiempo.<\/p>\n<blockquote><p>702 hombres, mujeres y ni\u00f1os viven en el centro de acogida de Ceuta, calificado por la UE como ejemplo a seguir porque no s\u00f3lo cumple labores propias de la acogida sino que extiende su actividad a la formaci\u00f3n y la integraci\u00f3n de los inmigrantes. Todo est\u00e1 limpio y aseado. Las coladas de ropa se orean al sol. Se percibe un cierto sosiego en el ambiente, que no oculta un profundo halo de tristeza, probablemente el que siempre acompa\u00f1a a la incertidumbre.<\/p><\/blockquote>\n<p>Son centros de acogida inmejorables&#8230;<br \/>\nVer:<br \/>\n&#8211; \u00abLos centros de acogida de inmigrantes de Ceuta y Melilla vuelven a estar saturados\u00bb:http:\/\/www.informativos.telecinco.es\/inmigrantes\/ceuta\/melilla\/dn_12893.htm (Informativos Telecinco)<br \/>\n&#8211; \u00abM\u00e9dicos sin fronteras: Informe Ceuta y Melilla 2003\u00bb:http:\/\/www.extranjeria.info\/publico\/revista\/015\/15-05.pdf (PDF)<br \/>\n&#8211; \u00abCallej\u00f3n sin salida\u00bb:http:\/\/hrw.org\/spanish\/informes\/2002\/callejon4.html#centros (Human Rights Watch 2002)<\/p>\n","protected":false},"excerpt":{"rendered":"<p>Me he le\u00eddo la cr\u00f3nica escrita por la vicepresidenta de su viaje a Marruecos. Sorprenden la ecuanimidad y la autocr\u00edtica que inundan del texto: El pasillo fronterizo perfectamente iluminado y asfaltado se convierte en una extensa l\u00ednea recta con tramos de grandes cuestas que serpentean el camino. El ruido de los motores del helic\u00f3ptero que&hellip;&nbsp;<a href=\"https:\/\/junjan.org\/wordpress\/2005\/10\/autocrtica_por_defecto\/\" rel=\"bookmark\">Leer m\u00e1s &raquo;<span class=\"screen-reader-text\">Autocr\u00edtica por defecto<\/span><\/a><\/p>\n","protected":false},"author":1,"featured_media":0,"comment_status":"open","ping_status":"open","sticky":false,"template":"","format":"standard","meta":{"neve_meta_sidebar":"","neve_meta_container":"","neve_meta_enable_content_width":"","neve_meta_content_width":0,"neve_meta_title_alignment":"","neve_meta_author_avatar":"","neve_post_elements_order":"","neve_meta_disable_header":"","neve_meta_disable_footer":"","neve_meta_disable_title":"","footnotes":""},"categories":[5],"tags":[],"class_list":["post-633","post","type-post","status-publish","format-standard","hentry","category-actualidad"],"_links":{"self":[{"href":"https:\/\/junjan.org\/wordpress\/wp-json\/wp\/v2\/posts\/633","targetHints":{"allow":["GET"]}}],"collection":[{"href":"https:\/\/junjan.org\/wordpress\/wp-json\/wp\/v2\/posts"}],"about":[{"href":"https:\/\/junjan.org\/wordpress\/wp-json\/wp\/v2\/types\/post"}],"author":[{"embeddable":true,"href":"https:\/\/junjan.org\/wordpress\/wp-json\/wp\/v2\/users\/1"}],"replies":[{"embeddable":true,"href":"https:\/\/junjan.org\/wordpress\/wp-json\/wp\/v2\/comments?post=633"}],"version-history":[{"count":0,"href":"https:\/\/junjan.org\/wordpress\/wp-json\/wp\/v2\/posts\/633\/revisions"}],"wp:attachment":[{"href":"https:\/\/junjan.org\/wordpress\/wp-json\/wp\/v2\/media?parent=633"}],"wp:term":[{"taxonomy":"category","embeddable":true,"href":"https:\/\/junjan.org\/wordpress\/wp-json\/wp\/v2\/categories?post=633"},{"taxonomy":"post_tag","embeddable":true,"href":"https:\/\/junjan.org\/wordpress\/wp-json\/wp\/v2\/tags?post=633"}],"curies":[{"name":"wp","href":"https:\/\/api.w.org\/{rel}","templated":true}]}}